{"id":60738,"date":"2023-09-11T11:41:23","date_gmt":"2023-09-11T11:41:23","guid":{"rendered":"https:\/\/www.lab.eus\/?p=60738"},"modified":"2023-09-11T11:41:24","modified_gmt":"2023-09-11T11:41:24","slug":"denunciamos-que-el-unico-objetivo-de-la-patronal-de-artes-graficas-de-bizkaia-es-el-bloqueo-de-la-negociacion","status":"publish","type":"post","link":"https:\/\/www.lab.eus\/es\/denunciamos-que-el-unico-objetivo-de-la-patronal-de-artes-graficas-de-bizkaia-es-el-bloqueo-de-la-negociacion\/","title":{"rendered":"Denunciamos que el \u00fanico objetivo de la patronal de artes gr\u00e1ficas de Bizkaia es el bloqueo de la negociaci\u00f3n"},"content":{"rendered":"\n<p>Hoy se ha producido la cuarta reuni\u00f3n de la mesa negociadora del convenio de Artes Gr\u00e1ficas de Bizkaia. En la \u00faltima reuni\u00f3n, realizada el 27 de julio, la patronal entreg\u00f3 su plataforma, en la que adem\u00e1s de no plantear ninguna actualizaci\u00f3n de salarios para los a\u00f1os sin convenio y en las subidas propuestas no garantizar el poder aquisitivo, recog\u00eda \u00fanicamente aspectos regresivos.<\/p>\n\n\n\n<p>Hoy se ha presentado en la mesa de negociaci\u00f3n con una nueva imposici\u00f3n: si los sindicatos no est\u00e1bamos dispuestos a hablar de los temas que a CEBEK le interesan, la negociaci\u00f3n no avanzar\u00eda. Uno de esos temas es la flexibilidad. La patronal pretende que el nuevo convenio recoja la aplicaci\u00f3n de flexibilidad incluso por encima de un 10% que es lo que marca el Estatuto de las personas trabajadoras.<\/p>\n\n\n\n<p>Ante esto, LAB, como el resto de organizaciones sindicales presentes, hemos denunciado la actitud que mantiene la Patronal en esta negociaci\u00f3n y hemos expresado que no vamos a aceptar planteamientos regresivos. Tambi\u00e9n hemos solicitado que la Patronal d\u00e9 respuesta a la plataforma completa de LAB en la pr\u00f3xima reuni\u00f3n. ya que hasta el momento no lo ha hecho.<\/p>\n\n\n\n<p>Es lamentable que CEBEK mantenga esta actitud ante un sector que lleva 12 a\u00f1os sin un convenio actualizado, con todo lo que ello supone. Durante estos a\u00f1os han sido muchas las reformas y los cambios legales en el terreno laboral y las personas del sector de Artes Gr\u00e1ficas ven c\u00f3mo sus condiciones laborales cada vez est\u00e1 m\u00e1s alejadas de la realidad del propio sector, lo que supone una precarizaci\u00f3n y empobrecimiento de los y las trabajadoras. Ante esta realidad la patronal demuestra lo poco que le importan las condiciones de trabajo y de vida de las personas que sostienen al sector.<\/p>\n\n\n\n<p>El d\u00eda 4 de octubre hay convocada una nueva reuni\u00f3n y desde LAB volvemos a decir que si la patronal sigue en sus pretensiones, tenemos clara nuestra estrategia: negociaci\u00f3n, activaci\u00f3n y movilizaci\u00f3n.<\/p>\n","protected":false},"excerpt":{"rendered":"<p>Hoy se ha producido la cuarta reuni\u00f3n de la mesa negociadora del convenio de Artes Gr\u00e1ficas de Bizkaia. En la \u00faltima reuni\u00f3n, realizada el 27 de julio, la patronal entreg\u00f3 su plataforma, en la que adem\u00e1s de no plantear ninguna actualizaci\u00f3n de salarios para los a\u00f1os sin convenio y en las subidas propuestas no garantizar el poder aquisitivo, recog\u00eda \u00fanicamente aspectos regresivos.<\/p>\n","protected":false},"author":1191,"featured_media":60121,"comment_status":"closed","ping_status":"closed","sticky":false,"template":"","format":"standard","meta":{"_monsterinsights_skip_tracking":false,"_monsterinsights_sitenote_active":false,"_monsterinsights_sitenote_note":"","_monsterinsights_sitenote_category":0,"footnotes":"","_links_to":"","_links_to_target":""},"categories":[18,100,2867,2868],"tags":[3033,4202,4046,3178,2996],"class_list":{"0":"post-60738","1":"post","2":"type-post","3":"status-publish","4":"format-standard","5":"has-post-thumbnail","7":"category-es-accion-sindical","8":"category-es-artes-graficas","9":"category-federaciones","10":"category-industria-es","11":"tag-accion-sindical-es","12":"tag-artes-g","13":"tag-artes-graficas-2","14":"tag-destacado-1","15":"tag-industria-es"},"_links":{"self":[{"href":"https:\/\/www.lab.eus\/es\/wp-json\/wp\/v2\/posts\/60738","targetHints":{"allow":["GET"]}}],"collection":[{"href":"https:\/\/www.lab.eus\/es\/wp-json\/wp\/v2\/posts"}],"about":[{"href":"https:\/\/www.lab.eus\/es\/wp-json\/wp\/v2\/types\/post"}],"author":[{"embeddable":true,"href":"https:\/\/www.lab.eus\/es\/wp-json\/wp\/v2\/users\/1191"}],"replies":[{"embeddable":true,"href":"https:\/\/www.lab.eus\/es\/wp-json\/wp\/v2\/comments?post=60738"}],"version-history":[{"count":0,"href":"https:\/\/www.lab.eus\/es\/wp-json\/wp\/v2\/posts\/60738\/revisions"}],"wp:featuredmedia":[{"embeddable":true,"href":"https:\/\/www.lab.eus\/es\/wp-json\/wp\/v2\/media\/60121"}],"wp:attachment":[{"href":"https:\/\/www.lab.eus\/es\/wp-json\/wp\/v2\/media?parent=60738"}],"wp:term":[{"taxonomy":"category","embeddable":true,"href":"https:\/\/www.lab.eus\/es\/wp-json\/wp\/v2\/categories?post=60738"},{"taxonomy":"post_tag","embeddable":true,"href":"https:\/\/www.lab.eus\/es\/wp-json\/wp\/v2\/tags?post=60738"}],"curies":[{"name":"wp","href":"https:\/\/api.w.org\/{rel}","templated":true}]}}