{"id":60731,"date":"2023-09-11T10:39:22","date_gmt":"2023-09-11T10:39:22","guid":{"rendered":"https:\/\/www.lab.eus\/?p=60731"},"modified":"2023-09-11T10:39:24","modified_gmt":"2023-09-11T10:39:24","slug":"denunciamos-que-la-patronal-de-residencias-de-nafarroa-sigue-instalada-en-el-inmovilismo","status":"publish","type":"post","link":"https:\/\/www.lab.eus\/es\/denunciamos-que-la-patronal-de-residencias-de-nafarroa-sigue-instalada-en-el-inmovilismo\/","title":{"rendered":"Denunciamos que la patronal de residencias de Nafarroa sigue instalada en el inmovilismo"},"content":{"rendered":"\n<p>El sindicato LAB ha exigido a la patronal de residencias de Nafarroa y al Gobierno una implicaci\u00f3n real y una voluntad clara para que las negociaciones del primer convenio sectorial avancen. LAB denuncia que la patronal no cumpli\u00f3 su compromiso en junio, porque no llev\u00f3 su propuesta a la mesa negociadora, y desde entonces no ha realizado ning\u00fan movimiento.<br><br>\u00a1Curso nuevo, mismo inmovilismo desde la patronal! Como se recordar\u00e1, en la \u00faltima reuni\u00f3n de junio la patronal no cumpli\u00f3 su palabra, ya que no trajo ninguna propuesta sobre la que negociar, alegando que con la incertidubre pol\u00edtica que hab\u00eda durante los meses estivales les era muy dif\u00edcil proponer nada. Se comprometieron a que una vez constituido el Gobierno de Nafarroa, volver\u00edan a llamar a la mesa negociadora. Pero el Gobierno se form\u00f3 durante el mes de agosto, y a\u00fan no han llamado.<\/p>\n\n\n\n<p>Estamos asistiendo a una total falta de inter\u00e9s tanto desde la patronal, como desde el Gobierno de Nafarroa, para dar soluci\u00f3n a un conflicto de unas trabajadoras que cumplen un servicio p\u00fablico de cuidados, por el que parece que los poderes ec\u00f3nomicos y pol\u00edticos no tienen el menor inter\u00e9s.<\/p>\n\n\n\n<p>La reuni\u00f3n de finales de junio se consigui\u00f3 gracias a la iniciativa del sindicato LAB, que realiz\u00f3 varios movimientos, tanto a nivel institucional, como social, para que se volviese a activar la negociaci\u00f3n y la lucha que llevaba ya dos a\u00f1os en marcha. LAB convoc\u00f3 de nuevo la mesa de negociaci\u00f3n con la convicci\u00f3n de que esto desbloquear\u00eda la situaci\u00f3n.<\/p>\n\n\n\n<p>LAB quiere seguir d\u00e1ndole vida a la negociaci\u00f3n. Por ello, exigimos tanto al Gobierno de Nafarroa como a la patronal una implicaci\u00f3n real y voluntad para mejorar de manera cualitativa las condiciones de trabajo y de vida del sector. Exigimos que este a\u00f1o se firme el primer convenio colectivo de residencias de Navarra y se haga realidad de una vez por todas un marco propio de negociaci\u00f3n. Exigimos al Gobierno de Nafarroa y patronal que posibiliten un convenio <strong>digno<\/strong>, entendiendo por dignidad salarios vinculados al IPC, complementos de incapacidad temporal y sin descuelgue.<\/p>\n\n\n\n<p>Para ello, pedimos a las trabajadoras del sector un esfuerzo en las movilizaciones, porque nada se consigue sin presionar desde las calles. Hacemos un llamamiento a las trabajadoras del sector a que se organicen con nosotras para movilizarnos por la mejora de nuestras condiciones de trabajo y de vida.<\/p>\n","protected":false},"excerpt":{"rendered":"<p>El sindicato LAB ha exigido a la patronal de residencias de Nafarroa y al Gobierno una implicaci\u00f3n real y una voluntad clara para que las negociaciones del primer convenio sectorial avancen. LAB denuncia que la patronal no cumpli\u00f3 su compromiso en junio, porque no llev\u00f3 su propuesta a la mesa negociadora, y desde entonces no ha realizado ning\u00fan movimiento.<\/p>\n","protected":false},"author":1191,"featured_media":60729,"comment_status":"closed","ping_status":"closed","sticky":false,"template":"","format":"standard","meta":{"_monsterinsights_skip_tracking":false,"_monsterinsights_sitenote_active":false,"_monsterinsights_sitenote_note":"","_monsterinsights_sitenote_category":0,"footnotes":"","_links_to":"","_links_to_target":""},"categories":[18,2867,2961,8,6],"tags":[3033,3178,3353,4009,3171],"class_list":{"0":"post-60731","1":"post","2":"type-post","3":"status-publish","4":"format-standard","5":"has-post-thumbnail","7":"category-es-accion-sindical","8":"category-federaciones","9":"category-residencias-personas-mayores","10":"category-es-servicios-privados","11":"category-es-servicios-publicos","12":"tag-accion-sindical-es","13":"tag-destacado-1","14":"tag-residencias-es","15":"tag-residencias-de-nafarroa","16":"tag-servicios-publicos-es"},"_links":{"self":[{"href":"https:\/\/www.lab.eus\/es\/wp-json\/wp\/v2\/posts\/60731","targetHints":{"allow":["GET"]}}],"collection":[{"href":"https:\/\/www.lab.eus\/es\/wp-json\/wp\/v2\/posts"}],"about":[{"href":"https:\/\/www.lab.eus\/es\/wp-json\/wp\/v2\/types\/post"}],"author":[{"embeddable":true,"href":"https:\/\/www.lab.eus\/es\/wp-json\/wp\/v2\/users\/1191"}],"replies":[{"embeddable":true,"href":"https:\/\/www.lab.eus\/es\/wp-json\/wp\/v2\/comments?post=60731"}],"version-history":[{"count":0,"href":"https:\/\/www.lab.eus\/es\/wp-json\/wp\/v2\/posts\/60731\/revisions"}],"wp:featuredmedia":[{"embeddable":true,"href":"https:\/\/www.lab.eus\/es\/wp-json\/wp\/v2\/media\/60729"}],"wp:attachment":[{"href":"https:\/\/www.lab.eus\/es\/wp-json\/wp\/v2\/media?parent=60731"}],"wp:term":[{"taxonomy":"category","embeddable":true,"href":"https:\/\/www.lab.eus\/es\/wp-json\/wp\/v2\/categories?post=60731"},{"taxonomy":"post_tag","embeddable":true,"href":"https:\/\/www.lab.eus\/es\/wp-json\/wp\/v2\/tags?post=60731"}],"curies":[{"name":"wp","href":"https:\/\/api.w.org\/{rel}","templated":true}]}}