{"id":60694,"date":"2023-09-08T08:29:41","date_gmt":"2023-09-08T08:29:41","guid":{"rendered":"https:\/\/www.lab.eus\/?p=60694"},"modified":"2023-09-08T08:38:46","modified_gmt":"2023-09-08T08:38:46","slug":"lab-a-favor-de-un-unico-alarde-publico-e-igualitario","status":"publish","type":"post","link":"https:\/\/www.lab.eus\/es\/lab-a-favor-de-un-unico-alarde-publico-e-igualitario\/","title":{"rendered":"LAB, a favor de un \u00fanico alarde p\u00fablico y paritario"},"content":{"rendered":"\n<p>El sindicato LAB, y en especial la comarca de Oarso-Bidasoa, volvemos a mostrar apoyo, un a\u00f1o m\u00e1s, a la compa\u00f1\u00eda Jaizkibel. Jaizkibel lleva 25 a\u00f1os reivindicando la participaci\u00f3n de las mujeres* en el alarde de Hondarribia, pese a todos los obst\u00e1culos y mediante una lucha ejemplar.<\/p>\n\n\n\n<p>Desde LAB queremos se\u00f1alar que las fiestas sin participaci\u00f3n libre de las mujeres* no son igualitarias ni libres. Las calles son tambi\u00e9n de las mujeres* y reivindicamos todo el derecho a participar libremente en las fiestas.<\/p>\n\n\n\n<p>LAB reivindica un alarde p\u00fablico, igualitario y \u00fanico, y pide a los agentes pol\u00edticos y sociales que den pasos en ese sentido. El desprecio que sufre Jaizkibel, no puede presentarse como un problema de convivencia. En LAB tenemos claro que la vulneraci\u00f3n de los derechos de las mujeres* no puede considerarse como tal. Pedimos a todas las personas implicadas en el conflicto que den pasos para solucionar el conflicto, para que las mujeres* participen libremente en esta fiesta.<\/p>\n\n\n\n<p>Gora alarde parekidea! Gora borroka feminista!<\/p>\n","protected":false},"excerpt":{"rendered":"<p>El sindicato LAB, y en especial la comarca de Oarso-Bidasoa, volvemos a mostrar apoyo, un a\u00f1o m\u00e1s, a la compa\u00f1\u00eda Jaizkibel. Jaizkibel lleva 25 a\u00f1os reivindicando la participaci\u00f3n de las mujeres* en el alarde de Hondarribia, pese a todos los obst\u00e1culos y mediante una lucha ejemplar. Desde LAB queremos se\u00f1alar que las fiestas sin participaci\u00f3n [&hellip;]<\/p>\n","protected":false},"author":1191,"featured_media":60692,"comment_status":"closed","ping_status":"closed","sticky":false,"template":"","format":"standard","meta":{"_monsterinsights_skip_tracking":false,"_monsterinsights_sitenote_active":false,"_monsterinsights_sitenote_note":"","_monsterinsights_sitenote_category":0,"footnotes":"","_links_to":"","_links_to_target":""},"categories":[20,3281,2973],"tags":[3178,3430],"class_list":{"0":"post-60694","1":"post","2":"type-post","3":"status-publish","4":"format-standard","5":"has-post-thumbnail","7":"category-es-mujeres","8":"category-secretaria-feminista","9":"category-secretarias","10":"tag-destacado-1","11":"tag-nabarmendua-1-2"},"_links":{"self":[{"href":"https:\/\/www.lab.eus\/es\/wp-json\/wp\/v2\/posts\/60694","targetHints":{"allow":["GET"]}}],"collection":[{"href":"https:\/\/www.lab.eus\/es\/wp-json\/wp\/v2\/posts"}],"about":[{"href":"https:\/\/www.lab.eus\/es\/wp-json\/wp\/v2\/types\/post"}],"author":[{"embeddable":true,"href":"https:\/\/www.lab.eus\/es\/wp-json\/wp\/v2\/users\/1191"}],"replies":[{"embeddable":true,"href":"https:\/\/www.lab.eus\/es\/wp-json\/wp\/v2\/comments?post=60694"}],"version-history":[{"count":0,"href":"https:\/\/www.lab.eus\/es\/wp-json\/wp\/v2\/posts\/60694\/revisions"}],"wp:featuredmedia":[{"embeddable":true,"href":"https:\/\/www.lab.eus\/es\/wp-json\/wp\/v2\/media\/60692"}],"wp:attachment":[{"href":"https:\/\/www.lab.eus\/es\/wp-json\/wp\/v2\/media?parent=60694"}],"wp:term":[{"taxonomy":"category","embeddable":true,"href":"https:\/\/www.lab.eus\/es\/wp-json\/wp\/v2\/categories?post=60694"},{"taxonomy":"post_tag","embeddable":true,"href":"https:\/\/www.lab.eus\/es\/wp-json\/wp\/v2\/tags?post=60694"}],"curies":[{"name":"wp","href":"https:\/\/api.w.org\/{rel}","templated":true}]}}