{"id":60452,"date":"2023-07-27T10:15:51","date_gmt":"2023-07-27T10:15:51","guid":{"rendered":"https:\/\/www.lab.eus\/?p=60452"},"modified":"2023-08-28T11:49:17","modified_gmt":"2023-08-28T11:49:17","slug":"denunciamos-un-tejemaneje-de-ugt-ccoo-y-la-cen-para-repartirse-400-81441-euros","status":"publish","type":"post","link":"https:\/\/www.lab.eus\/es\/denunciamos-un-tejemaneje-de-ugt-ccoo-y-la-cen-para-repartirse-400-81441-euros\/","title":{"rendered":"Denunciamos un tejemaneje de UGT, CCOO y la CEN para repartirse 400.814,41 euros"},"content":{"rendered":"\n<p>En una reuni\u00f3n convocada por la Directora General de Pol\u00edtica de Empresa, Proyecci\u00f3n Internacional y Trabajo del Gobierno de Nafarroa, Izaskun Go\u00f1i, a efectos de organizar la gesti\u00f3n de los fondos asignados a Navarra para este a\u00f1o 2023 a cargo de la Fundaci\u00f3n estatal para la Prevenci\u00f3n de Riesgos Laborales, cuya partida asciende a 400.814,41 euros, queda al descubierto que UGT y CCOO han sido parte en la elaboraci\u00f3n de los pliegos que les garantiza cobrar y repartirse la citada cantidad de dinero. Frente a este funcionamiento clientelar LAB exige defender la salud de la clase trabajadora.<\/p>\n\n\n\n<p><strong>E<\/strong><strong>n los \u00faltimos a\u00f1os estos repartos han estado \u00ab<\/strong><strong>bloqueados<\/strong><strong>\u00bb <\/strong><strong>a<\/strong><strong> ra\u00edz de<\/strong><strong> <\/strong><strong>las <\/strong><strong>irregularidades <\/strong><strong>detectadas <\/strong><strong>por el Tribunal de Cuentas <\/strong><strong>y<\/strong><strong> <\/strong><strong>la<\/strong><strong> <\/strong><strong>anulaci\u00f3n de <\/strong><strong>las <\/strong><strong>convocatorias <\/strong><strong>de <\/strong><strong>2008<\/strong><strong> a <\/strong><strong>2013 <\/strong><strong>v\u00eda judicial<\/strong>. La propia Fundaci\u00f3n estatal modific\u00f3 el sistema excluyendo al Consejo de Osalan y al Consejo Navarro de Salud Laboral de participar. Posteriormente, el mismo Tribunal de Cuentas concluye que es un sistema de financiaci\u00f3n en el que existe un reparto previo de los fondos entre CEOE, UGT y CCOO, que dichas organizaciones han sido juez y parte en el reparto de las ayudas concedidas, y que en muchos casos es cuestionable la dedicaci\u00f3n de los fondos recibidos a la ejecuci\u00f3n de las acciones.<\/p>\n\n\n\n<p>Tras un largo camino lleno de sentencias desfavorables para las fuerzas sindicales y patronal estatales, en septiembre de 2022 la disposici\u00f3n adicional V de la LPRL fue modificada dejando atada la gesti\u00f3n de los fondos, esta vez s\u00ed, sobre el Ministerio de Trabajo espa\u00f1ol. As\u00ed, han privado a las CCAA de la capacidad para definir las l\u00edneas de actuaci\u00f3n de cada campa\u00f1a. La reci\u00e9n modificada disposici\u00f3n centraliza en Madrid la potestad de dise\u00f1ar y publicar las bases de cada ejercicio, dejando una vez m\u00e1s la capacidad de gesti\u00f3n de las administraciones de Hego Euskal Herria (CAV y Nafarroa) en un mero tr\u00e1mite. Dicho de otra forma,<strong> han realizado una modificaci\u00f3n legal dirigida a seguir haciendo lo que hac\u00edan antes de manera irregular, otorg\u00e1ndole ahora mayor seguridad jur\u00eddica.<\/strong><\/p>\n\n\n\n<p>Llama la atenci\u00f3n y tambi\u00e9n extra\u00f1a que desde el Departamento de Desarrollo Econ\u00f3mico y Empresarial del Gobierno de Nafarroa se convoque a los sindicatos a una reuni\u00f3n y desconozca las \u00abbases\u00bb para el reparto de fondos que a\u00fan no han sido publicadas en el BOE, mientras en cambio, los representantes de UGT y CCOO tra\u00edan escritos unos criterios claros en los que con total descaro le dec\u00edan al Gobierno de Navarra c\u00f3mo deb\u00eda interpretar esos pliegos que \u00aba\u00fan no han visto la luz\u00bb. <strong>Una vez m\u00e1s, una manera de proceder abiertamente improcedente e indecente: estas organizaciones siguen queriendo ser juez y parte<\/strong> en la gesti\u00f3n de los fondos de la Fundaci\u00f3n para que nadie pueda entrometerse en el reparto de m\u00e1s dinero que satisfaga sus necesidades e intereses.<\/p>\n\n\n\n<p><strong>LAB no va a formar parte de ese reparto.<\/strong> No va a aceptar que estos fondos sean repartidos con intereses corporativos entre los sindicatos UGT y CCOO y la patronal CEN. El Gobierno de Nafarroa ya tiene una l\u00ednea de apoyo econ\u00f3mico a proyectos de salud laboral. De hecho, en ella participan UGT, CCOO, ELA y LAB. De esta forma, ese nuevo reparto de fondos conllevar\u00eda inevitablemente una duplicidad en cantidad de dinero y concepto absolutamente vergonzosa e inaceptable. M\u00e1s all\u00e1 de la denuncia firme de ello,<strong>LAB va a intervenir en este asunto, y su acci\u00f3n ir\u00e1 destinada a presionar y forzar con iniciativas, nuevas decisiones y pol\u00edticas.<\/strong> Va a seguir de cerca y fiscalizar las irregularidades que se puedan dar sin descartar la v\u00eda judicial en la que ya se encuentra trabajando la Asesor\u00eda Jur\u00eddica. Ante la estrategia de UGT y CCOO de aprovechar cualquier vac\u00edo para intentar volver a avanzar en sus privilegios, LAB no va a ceder ning\u00fan espacio.<\/p>\n\n\n\n<p><strong>El Gobierno de Nafarroa, tiene dos opciones<\/strong>: aceptar el funcionamiento clientelar de UGT, CCOO y los empresarios navarros de la CEN que perjudica a la mayor\u00eda social en favor de intereses corporativos; o defender la alternatiba en favor de la clase trabajadora que defiende LAB, en favor de la mejora de las condiciones de trabajo, los derechos de las trabajadoras y trabajadores, reivindicando la publificaci\u00f3n de la salud laboral, tanto de la prevenci\u00f3n como de la asistencia sanitaria y la integraci\u00f3n de la prevenci\u00f3n en la gesti\u00f3n de las empresas frente a su actual externalizaci\u00f3n, reclamando esos fondos para su gesti\u00f3n p\u00fablica, destinando otras l\u00edneas econ\u00f3micas y presupuestarias a reforzar el propio Instituto de salud p\u00fablica y laboral de Nafarroa (Ispln-NOPLOI) junto a la exigencia de una inspecci\u00f3n de trabajo propia.<\/p>\n","protected":false},"excerpt":{"rendered":"<p>En una reuni\u00f3n convocada por la Directora General de Pol\u00edtica de Empresa, Proyecci\u00f3n Internacional y Trabajo del Gobierno de Nafarroa, Izaskun Go\u00f1i, a efectos de organizar la gesti\u00f3n de los fondos asignados a Navarra para este a\u00f1o 2023 a cargo de la Fundaci\u00f3n estatal para la Prevenci\u00f3n de Riesgos Laborales, cuya partida asciende a 400.814,41 euros, queda al descubierto que UGT y CCOO han sido parte en la elaboraci\u00f3n de los pliegos que les garantiza cobrar y repartirse la citada cantidad de dinero. Frente a este funcionamiento clientelar LAB exige defender la salud de la clase trabajadora.<\/p>\n","protected":false},"author":1191,"featured_media":60450,"comment_status":"closed","ping_status":"closed","sticky":false,"template":"","format":"standard","meta":{"_monsterinsights_skip_tracking":false,"_monsterinsights_sitenote_active":false,"_monsterinsights_sitenote_note":"","_monsterinsights_sitenote_category":0,"footnotes":"","_links_to":"","_links_to_target":""},"categories":[15,2973],"tags":[3178,3024],"class_list":{"0":"post-60452","1":"post","2":"type-post","3":"status-publish","4":"format-standard","5":"has-post-thumbnail","7":"category-es-salud-laboral","8":"category-secretarias","9":"tag-destacado-1","10":"tag-secretarias"},"_links":{"self":[{"href":"https:\/\/www.lab.eus\/es\/wp-json\/wp\/v2\/posts\/60452","targetHints":{"allow":["GET"]}}],"collection":[{"href":"https:\/\/www.lab.eus\/es\/wp-json\/wp\/v2\/posts"}],"about":[{"href":"https:\/\/www.lab.eus\/es\/wp-json\/wp\/v2\/types\/post"}],"author":[{"embeddable":true,"href":"https:\/\/www.lab.eus\/es\/wp-json\/wp\/v2\/users\/1191"}],"replies":[{"embeddable":true,"href":"https:\/\/www.lab.eus\/es\/wp-json\/wp\/v2\/comments?post=60452"}],"version-history":[{"count":0,"href":"https:\/\/www.lab.eus\/es\/wp-json\/wp\/v2\/posts\/60452\/revisions"}],"wp:featuredmedia":[{"embeddable":true,"href":"https:\/\/www.lab.eus\/es\/wp-json\/wp\/v2\/media\/60450"}],"wp:attachment":[{"href":"https:\/\/www.lab.eus\/es\/wp-json\/wp\/v2\/media?parent=60452"}],"wp:term":[{"taxonomy":"category","embeddable":true,"href":"https:\/\/www.lab.eus\/es\/wp-json\/wp\/v2\/categories?post=60452"},{"taxonomy":"post_tag","embeddable":true,"href":"https:\/\/www.lab.eus\/es\/wp-json\/wp\/v2\/tags?post=60452"}],"curies":[{"name":"wp","href":"https:\/\/api.w.org\/{rel}","templated":true}]}}