{"id":60445,"date":"2023-07-27T10:04:45","date_gmt":"2023-07-27T10:04:45","guid":{"rendered":"https:\/\/www.lab.eus\/?p=60445"},"modified":"2023-07-27T10:04:50","modified_gmt":"2023-07-27T10:04:50","slug":"la-patronal-quiere-a-las-personas-trabajadoras-del-sector-de-artes-graficas-de-bizkaia-mas-pobres-y-mas-precarias","status":"publish","type":"post","link":"https:\/\/www.lab.eus\/es\/la-patronal-quiere-a-las-personas-trabajadoras-del-sector-de-artes-graficas-de-bizkaia-mas-pobres-y-mas-precarias\/","title":{"rendered":"La patronal quiere a las personas trabajadoras del sector de artes gr\u00e1ficas de Bizkaia m\u00e1s pobres y m\u00e1s precarias"},"content":{"rendered":"\n<p>Hoy se ha producido la tercera reuni\u00f3n de la mesa negociadora del Convenio de Artes Gr\u00e1ficas de Bizkaia, donde la patronal ha presentado su plataforma para la negociaci\u00f3n.<\/p>\n\n\n\n<p>Tras m\u00e1s de 12 a\u00f1os sin renovar el convenio, y por lo tanto con las condiciones laborales y en muchos casos salariales congeladas, la patronal ha presentado una plataforma que supone un insulto y falta de respeto a todas las personas trabajadoras del sector. Lejos de plantear medidas que supongan mejoras en las condiciones laborales y de vida de los y las trabajadoras, CEBEK ha planteado una serie de medidas que suponen fuertes recortes y retrocesos en el convenio. No hay ni una sola medida de las planteadas que no suponga un recorte.<\/p>\n\n\n\n<p>&#8211; Plantea una vigencia de 4 a\u00f1os con una ultractividad \u00fanicamente de 3 a\u00f1os. Hay que recordar que tras un proceso judicial se consigui\u00f3 dotar al convenio de ultractividad indefinida.<\/p>\n\n\n\n<p>&#8211; En materia salarial, tras 12 a\u00f1os sin subidas en las tablas (2012-2022), no plantea ning\u00fan tipo de actualizaci\u00f3n de salarios ni de subidas para todos estos a\u00f1os. Esto supone que las personas trabajadoras del sector tendr\u00edan una perdida de poder adquisitivo en las tablas, nada m\u00e1s ni nada menos que del 16%.<\/p>\n\n\n\n<p>&#8211; Para los 4 a\u00f1os de vigencia del convenio (2023-2026) plantea una subida total del 9,5% sin ning\u00fan tipo de vinculaci\u00f3n al IPC y sin ninguna garant\u00eda de preservar el poder adquisitivo.<\/p>\n\n\n\n<p>&#8211; No recoge ning\u00fan tipo de reducci\u00f3n de jornada laboral en un momento en que la necesidad de reducir la jornada est\u00e1 en el centro del debate. El sector lleva m\u00e1s de 14 a\u00f1os sin reducir la jornada.<\/p>\n\n\n\n<p>&#8211; Plantea instaurar una flexibilidad laboral de 256 horas anuales, pudiendo establecer jornadas semanales de hasta 50 horas. Pretenden que las personas trabajadoras del sector est\u00e9n a disposici\u00f3n absoluta de las empresas.<\/p>\n\n\n\n<p>&#8211; Propone adem\u00e1s una serie de recortes en cuestiones como la antig\u00fcedad, complementos en las bajas por enfermedad com\u00fan, eliminaci\u00f3n del art\u00edculo del convenio que reconoce derecho a indemnizaciones por baja voluntaria en la empresa a partir de los 60 a\u00f1os, eliminaci\u00f3n del art\u00edculo que evita la compensaci\u00f3n y absorci\u00f3n, reducci\u00f3n del n\u00famero de horas sindicales y limitaci\u00f3n de la figura de la persona delegada sindical&#8230;<\/p>\n\n\n\n<p>&#8211; Pretenden estatalizar condiciones laborales del sector planteando recoger en el convenio de Bizkaia cuestiones del convenio estatal de Artes Gr\u00e1ficas.<\/p>\n\n\n\n<p>&#8211; No hay garant\u00edas para que las empresas decidan dejar de aplicar el convenio si no hay acuerdo con los y las trabajadoras.<\/p>\n\n\n\n<p>En definitiva, la patronal, con la plataforma presentada, ha lanzado un mensaje muy claro y es que su objetivo en esta negociaci\u00f3n es empobrecer y precarizar m\u00e1s a las personas trabajadoras del sector y sus familias. El sindicato LAB lo tiene claro, no va a aceptar ni un s\u00f3lo retroceso en las condiciones laborales del sector, ya que su objetivo es el contrario, conseguir un acuerdo que mejore las condiciones laborales y de vida de todos y todas las trabajadoras. La patronal tiene una nueva oportunidad para rectificar el pr\u00f3ximo d\u00eda 11 de septiembre en el que se volver\u00e1 a reunir la mesa negociadora. Si, por el contrario, sigue en sus pretensiones, LAB tiene clara su estrategia: negociaci\u00f3n, activaci\u00f3n y movilizaci\u00f3n.<\/p>\n","protected":false},"excerpt":{"rendered":"<p>Hoy se ha producido la tercera reuni\u00f3n de la mesa negociadora del Convenio de Artes Gr\u00e1ficas de Bizkaia, donde la patronal ha presentado su plataforma para la negociaci\u00f3n.<\/p>\n","protected":false},"author":1191,"featured_media":60122,"comment_status":"closed","ping_status":"closed","sticky":false,"template":"","format":"standard","meta":{"_monsterinsights_skip_tracking":false,"_monsterinsights_sitenote_active":false,"_monsterinsights_sitenote_note":"","_monsterinsights_sitenote_category":0,"footnotes":"","_links_to":"","_links_to_target":""},"categories":[18,100,2867,2868],"tags":[3033,3178],"class_list":{"0":"post-60445","1":"post","2":"type-post","3":"status-publish","4":"format-standard","5":"has-post-thumbnail","7":"category-es-accion-sindical","8":"category-es-artes-graficas","9":"category-federaciones","10":"category-industria-es","11":"tag-accion-sindical-es","12":"tag-destacado-1"},"_links":{"self":[{"href":"https:\/\/www.lab.eus\/es\/wp-json\/wp\/v2\/posts\/60445","targetHints":{"allow":["GET"]}}],"collection":[{"href":"https:\/\/www.lab.eus\/es\/wp-json\/wp\/v2\/posts"}],"about":[{"href":"https:\/\/www.lab.eus\/es\/wp-json\/wp\/v2\/types\/post"}],"author":[{"embeddable":true,"href":"https:\/\/www.lab.eus\/es\/wp-json\/wp\/v2\/users\/1191"}],"replies":[{"embeddable":true,"href":"https:\/\/www.lab.eus\/es\/wp-json\/wp\/v2\/comments?post=60445"}],"version-history":[{"count":0,"href":"https:\/\/www.lab.eus\/es\/wp-json\/wp\/v2\/posts\/60445\/revisions"}],"wp:featuredmedia":[{"embeddable":true,"href":"https:\/\/www.lab.eus\/es\/wp-json\/wp\/v2\/media\/60122"}],"wp:attachment":[{"href":"https:\/\/www.lab.eus\/es\/wp-json\/wp\/v2\/media?parent=60445"}],"wp:term":[{"taxonomy":"category","embeddable":true,"href":"https:\/\/www.lab.eus\/es\/wp-json\/wp\/v2\/categories?post=60445"},{"taxonomy":"post_tag","embeddable":true,"href":"https:\/\/www.lab.eus\/es\/wp-json\/wp\/v2\/tags?post=60445"}],"curies":[{"name":"wp","href":"https:\/\/api.w.org\/{rel}","templated":true}]}}