{"id":60157,"date":"2023-07-04T13:23:39","date_gmt":"2023-07-04T13:23:39","guid":{"rendered":"https:\/\/www.lab.eus\/?p=60157"},"modified":"2023-07-04T13:23:58","modified_gmt":"2023-07-04T13:23:58","slug":"acuerdo-en-gaude-que-incluye-subidas-salariales-del-2085-para-toda-la-plantilla-y-del-53-para-el-colectivo-de-cuidadoras","status":"publish","type":"post","link":"https:\/\/www.lab.eus\/es\/acuerdo-en-gaude-que-incluye-subidas-salariales-del-2085-para-toda-la-plantilla-y-del-53-para-el-colectivo-de-cuidadoras\/","title":{"rendered":"Acuerdo en GAUDE que incluye subidas salariales del 20,85% para toda la plantilla y del 53% para el colectivo de cuidadoras"},"content":{"rendered":"\n<p>LAB felicita a la plantilla de GAUDE por la lucha realizada y por el acuerdo logrado. Una vez m\u00e1s, ha quedado claro que la uni\u00f3n de los y las trabajadoras en clave de lucha es efectiva para conseguir derechos y mejorar las condiciones laborales y la calidad del servico que reciben las personas con las que trabajan. GAUDE es una entidad que trabaja con personas de diversidad funcional, cuenta con 150 trabajadores y trabajadoras y su comit\u00e9 de empresa lo forman 9 representantes de LAB.<\/p>\n\n\n\n<p>La plantilla hace responsable a la Diputaci\u00f3n Foral de Bizkaia de imponer un sistema donde pretende precarizar la calidad del servicio y enfrentar a familiares y trabajadores y trabajadoras, haciendo dejaci\u00f3n de la responsabilidad que tiene como titular, que es la prestacion de este servicio p\u00fablico.<\/p>\n\n\n\n<p>La importancia de lo conseguido con este acuerdo es incuestionable y fruto de las numerosas movilizaciones, paros y jornadas de huelga realizadas por la plantilla de GAUDE.<\/p>\n\n\n\n<p>Estos son algunos de los logros del acuerdo conseguido:<\/p>\n\n\n\n<ul class=\"wp-block-list\"><li>Subidas salariales que garantizan el mateninimiento del poder adqusitivo y que suponen un aumento fijo del 20,85% para toda la plantilla y una cl\u00e1usula de revisi\u00f3n en el caso que los IPC todav\u00eda no conocidos sean mayores a esta cantidad.<\/li><\/ul>\n\n\n\n<ul class=\"wp-block-list\"><li>La eliminaci\u00f3n de la categor\u00eda de cuidadora y su equiparaci\u00f3n supone para m\u00e1s del 20% de la plantilla un aumento al final de la vigencia del Convenio de un 53,5% en el salario. Eliminar esta doble escala salarial es un gran avance contra la precariedad y le damos mucho valor.<\/li><\/ul>\n\n\n\n<ul class=\"wp-block-list\"><li>Reducci\u00f3n de jornada hasta consolidarla en 1.592 horas anuales.<\/li><\/ul>\n\n\n\n<ul class=\"wp-block-list\"><li>Reducci\u00f3n de jornada de 35 horas para las trabajadoras con 10 trienios.<\/li><\/ul>\n\n\n\n<ul class=\"wp-block-list\"><li>Medidas para facilitar las jornadas continuas.<\/li><\/ul>\n\n\n\n<ul class=\"wp-block-list\"><li>Equiparacion de las condiones laborales de trabajadoras que trabajan en servicios no conveniados con la Diputaci\u00f3n como Casa Zuazo y servicios de Ocio<\/li><\/ul>\n\n\n\n<ul class=\"wp-block-list\"><li>Se elimina el tope de la antig\u00fcedad y se consigue que este concepto aumente sin tope alguno.<\/li><\/ul>\n\n\n\n<ul class=\"wp-block-list\"><li>Mejoras en la formacion, asumiendo GAUDE el coste de dietas, desplazamientos y 400 euros en el coste de la matr\u00edcula, para cursos externos a la asociaci\u00f3n.<\/li><\/ul>\n\n\n\n<ul class=\"wp-block-list\"><li>Compromisos con el euskara. Adem\u00e1s de crear un comit\u00e9 de euskara que realice un diagn\u00f3stico real de las necesidades de la empresa, \u00e9sta se compromete a:<\/li><li>Que todas las comunicaciones oficiales internas y externas se realizar\u00e1n de forma biling\u00fce.<\/li><li>Una&nbsp; partida econ\u00f3mica anual para realizaci\u00f3n de cursos de aprendizaje, barnetegis, etc.<\/li><li>El 25% de las horas de estudio de euskera en lugares oficiales ser\u00e1 computable como jornada laboral.<\/li><\/ul>\n\n\n\n<p>Desde LAB queremos mandar un fuerte abrazo y todo nuestro reconocimiento a las trabajadoras de GAUDE por la lucha realizada y los grandes avances conseguidos en este acuerdo.<\/p>\n\n\n\n<figure class=\"wp-block-gallery columns-3 is-cropped wp-block-gallery-1 is-layout-flex wp-block-gallery-is-layout-flex\"><ul class=\"blocks-gallery-grid\"><li class=\"blocks-gallery-item\"><figure><img loading=\"lazy\" decoding=\"async\" width=\"1024\" height=\"768\" src=\"https:\/\/www.lab.eus\/wp-content\/uploads\/2023\/07\/Gaude_2-1024x768.jpg\" alt=\"\" data-id=\"60155\" data-full-url=\"https:\/\/www.lab.eus\/wp-content\/uploads\/2023\/07\/Gaude_2.jpg\" data-link=\"https:\/\/www.lab.eus\/es\/gaude_2-2\/\" class=\"wp-image-60155\" srcset=\"https:\/\/www.lab.eus\/wp-content\/uploads\/2023\/07\/Gaude_2-1024x768.jpg 1024w, https:\/\/www.lab.eus\/wp-content\/uploads\/2023\/07\/Gaude_2-300x225.jpg 300w, https:\/\/www.lab.eus\/wp-content\/uploads\/2023\/07\/Gaude_2-768x576.jpg 768w, https:\/\/www.lab.eus\/wp-content\/uploads\/2023\/07\/Gaude_2-1536x1152.jpg 1536w, https:\/\/www.lab.eus\/wp-content\/uploads\/2023\/07\/Gaude_2-150x113.jpg 150w, https:\/\/www.lab.eus\/wp-content\/uploads\/2023\/07\/Gaude_2-696x522.jpg 696w, https:\/\/www.lab.eus\/wp-content\/uploads\/2023\/07\/Gaude_2-1068x801.jpg 1068w, https:\/\/www.lab.eus\/wp-content\/uploads\/2023\/07\/Gaude_2-1920x1440.jpg 1920w, https:\/\/www.lab.eus\/wp-content\/uploads\/2023\/07\/Gaude_2-560x420.jpg 560w, https:\/\/www.lab.eus\/wp-content\/uploads\/2023\/07\/Gaude_2-80x60.jpg 80w, https:\/\/www.lab.eus\/wp-content\/uploads\/2023\/07\/Gaude_2-265x198.jpg 265w, https:\/\/www.lab.eus\/wp-content\/uploads\/2023\/07\/Gaude_2.jpg 2048w\" sizes=\"auto, (max-width: 1024px) 100vw, 1024px\" \/><\/figure><\/li><li class=\"blocks-gallery-item\"><figure><img loading=\"lazy\" decoding=\"async\" width=\"1024\" height=\"768\" src=\"https:\/\/www.lab.eus\/wp-content\/uploads\/2023\/07\/Gaude_4.jpg\" alt=\"\" data-id=\"60151\" data-full-url=\"https:\/\/www.lab.eus\/wp-content\/uploads\/2023\/07\/Gaude_4.jpg\" data-link=\"https:\/\/www.lab.eus\/es\/gaude_4-2\/\" class=\"wp-image-60151\" srcset=\"https:\/\/www.lab.eus\/wp-content\/uploads\/2023\/07\/Gaude_4.jpg 1024w, https:\/\/www.lab.eus\/wp-content\/uploads\/2023\/07\/Gaude_4-300x225.jpg 300w, https:\/\/www.lab.eus\/wp-content\/uploads\/2023\/07\/Gaude_4-768x576.jpg 768w, https:\/\/www.lab.eus\/wp-content\/uploads\/2023\/07\/Gaude_4-150x113.jpg 150w, https:\/\/www.lab.eus\/wp-content\/uploads\/2023\/07\/Gaude_4-696x522.jpg 696w, https:\/\/www.lab.eus\/wp-content\/uploads\/2023\/07\/Gaude_4-560x420.jpg 560w, https:\/\/www.lab.eus\/wp-content\/uploads\/2023\/07\/Gaude_4-80x60.jpg 80w, https:\/\/www.lab.eus\/wp-content\/uploads\/2023\/07\/Gaude_4-265x198.jpg 265w\" sizes=\"auto, (max-width: 1024px) 100vw, 1024px\" \/><\/figure><\/li><li class=\"blocks-gallery-item\"><figure><img loading=\"lazy\" decoding=\"async\" width=\"1024\" height=\"768\" src=\"https:\/\/www.lab.eus\/wp-content\/uploads\/2023\/07\/Gaude.jpg\" alt=\"\" data-id=\"60149\" data-full-url=\"https:\/\/www.lab.eus\/wp-content\/uploads\/2023\/07\/Gaude.jpg\" data-link=\"https:\/\/www.lab.eus\/es\/gaude-2-2\/\" class=\"wp-image-60149\" srcset=\"https:\/\/www.lab.eus\/wp-content\/uploads\/2023\/07\/Gaude.jpg 1024w, https:\/\/www.lab.eus\/wp-content\/uploads\/2023\/07\/Gaude-300x225.jpg 300w, https:\/\/www.lab.eus\/wp-content\/uploads\/2023\/07\/Gaude-768x576.jpg 768w, https:\/\/www.lab.eus\/wp-content\/uploads\/2023\/07\/Gaude-150x113.jpg 150w, https:\/\/www.lab.eus\/wp-content\/uploads\/2023\/07\/Gaude-696x522.jpg 696w, https:\/\/www.lab.eus\/wp-content\/uploads\/2023\/07\/Gaude-560x420.jpg 560w, https:\/\/www.lab.eus\/wp-content\/uploads\/2023\/07\/Gaude-80x60.jpg 80w, https:\/\/www.lab.eus\/wp-content\/uploads\/2023\/07\/Gaude-265x198.jpg 265w\" sizes=\"auto, (max-width: 1024px) 100vw, 1024px\" \/><\/figure><\/li><\/ul><\/figure>\n","protected":false},"excerpt":{"rendered":"<p>LAB felicita a la plantilla de GAUDE por la lucha realizada y por el acuerdo logrado. Una vez m\u00e1s, ha quedado claro que la uni\u00f3n de los y las trabajadoras en clave de lucha es efectiva para conseguir derechos y mejorar las condiciones laborales y la calidad del servico que reciben las personas con las que trabajan. GAUDE es una entidad que trabaja con personas de diversidad funcional, cuenta con 150 trabajadores y trabajadoras y su comit\u00e9 de empresa lo forman 9 representantes de LAB.<\/p>\n","protected":false},"author":1191,"featured_media":60153,"comment_status":"closed","ping_status":"closed","sticky":false,"template":"","format":"standard","meta":{"_monsterinsights_skip_tracking":false,"_monsterinsights_sitenote_active":false,"_monsterinsights_sitenote_note":"","_monsterinsights_sitenote_category":0,"footnotes":"","_links_to":"","_links_to_target":""},"categories":[18,2867,3000,6],"tags":[3033,3179,3415,3689,3171,3272],"class_list":{"0":"post-60157","1":"post","2":"type-post","3":"status-publish","4":"format-standard","5":"has-post-thumbnail","7":"category-es-accion-sindical","8":"category-federaciones","9":"category-servicio-sociocomunitario","10":"category-es-servicios-publicos","11":"tag-accion-sindical-es","12":"tag-destacado-2","13":"tag-diversidad-funcional","14":"tag-gaude","15":"tag-servicios-publicos-es","16":"tag-sociocomunitario-es"},"_links":{"self":[{"href":"https:\/\/www.lab.eus\/es\/wp-json\/wp\/v2\/posts\/60157","targetHints":{"allow":["GET"]}}],"collection":[{"href":"https:\/\/www.lab.eus\/es\/wp-json\/wp\/v2\/posts"}],"about":[{"href":"https:\/\/www.lab.eus\/es\/wp-json\/wp\/v2\/types\/post"}],"author":[{"embeddable":true,"href":"https:\/\/www.lab.eus\/es\/wp-json\/wp\/v2\/users\/1191"}],"replies":[{"embeddable":true,"href":"https:\/\/www.lab.eus\/es\/wp-json\/wp\/v2\/comments?post=60157"}],"version-history":[{"count":0,"href":"https:\/\/www.lab.eus\/es\/wp-json\/wp\/v2\/posts\/60157\/revisions"}],"wp:featuredmedia":[{"embeddable":true,"href":"https:\/\/www.lab.eus\/es\/wp-json\/wp\/v2\/media\/60153"}],"wp:attachment":[{"href":"https:\/\/www.lab.eus\/es\/wp-json\/wp\/v2\/media?parent=60157"}],"wp:term":[{"taxonomy":"category","embeddable":true,"href":"https:\/\/www.lab.eus\/es\/wp-json\/wp\/v2\/categories?post=60157"},{"taxonomy":"post_tag","embeddable":true,"href":"https:\/\/www.lab.eus\/es\/wp-json\/wp\/v2\/tags?post=60157"}],"curies":[{"name":"wp","href":"https:\/\/api.w.org\/{rel}","templated":true}]}}