{"id":59323,"date":"2023-06-08T10:40:21","date_gmt":"2023-06-08T10:40:21","guid":{"rendered":"https:\/\/www.lab.eus\/?p=59323"},"modified":"2023-06-08T10:40:50","modified_gmt":"2023-06-08T10:40:50","slug":"convoca-5-dias-mas-de-huelga-en-gorabide-del-12-al-16-de-junio-y-no-descartamos-la-huelga-indefinida","status":"publish","type":"post","link":"https:\/\/www.lab.eus\/es\/convoca-5-dias-mas-de-huelga-en-gorabide-del-12-al-16-de-junio-y-no-descartamos-la-huelga-indefinida\/","title":{"rendered":"Convocamos 5 d\u00edas m\u00e1s de huelga en Gorabide del 12 al 16 de junio, y no descartamos la huelga indefinida"},"content":{"rendered":"\n<p>El Comit\u00e9 Intercentros de Gorabide acusa a los responsables de Gorabide y de la Diputaci\u00f3n Foral de Bizkaia de ser los culpables de la actual situaci\u00f3n de conflicto.<\/p>\n\n\n\n<p>La irresponsabilidad de la Diputaci\u00f3n manteniendo este bloqueo es muy grave y demuestra lo poco que les importa y les ha importado a sus responsables la calidad de los servicios publico de los que son titulares. Mucho menos les importa la situaci\u00f3n de las personas a las que cuidamos y la de sus familiares.<\/p>\n\n\n\n<p>Hace mas de 20 d\u00edas trasladamos a Txema Franco, gerente de Gorabide, una nueva propuesta para facilitar el desbloqueo de la negociaci\u00f3n. A d\u00eda de hoy, la Direcci\u00f3n de Gorabide ni ha respondido ni se ha reunido con el Comit\u00e9 de Empresa. La prepotencia que est\u00e1 demostrando el gerente de Gorabide, junto con su nula capacidad de negociar, est\u00e1 siendo en s\u00ed mismo un obst\u00e1culo a\u00f1adido a la negociaci\u00f3n del Convenio.<\/p>\n\n\n\n<p>Denunciamos a la Diputaci\u00f3n Foral de Bizkaia por imponer un sistema perverso en la gesti\u00f3n de los cuidados de personas con diversidad funcional. Les recordamos a los responsables pol\u00edticos de la Diputaci\u00f3n que son los responsables de garantizar este servicio a estas personas. Es la Diputaci\u00f3n de Bizkaia quien, teniendo una recaudaci\u00f3n r\u00e9cord, se niega garantizar el poder adquisitivo de las trabajadoras. En realidad nos est\u00e1n proponiendo que seamos m\u00e1s pobres y precarias. Adem\u00e1s, se est\u00e1 dando un deterioro en la calidad servicio, donde cada vez hay menos herramientas para el acompa\u00f1amiento y apoyo educacional.<\/p>\n\n\n\n<p>Hemos solicitado por escrito una reuni\u00f3n a Elixabete Etxanobe, pero no hemos recibido respuesta alguna. Le interpelamos p\u00fablicamente para que nos reciba y pueda escuchar de primera mano nuestra situaci\u00f3n, as\u00ed como las soluciones que proponemos.<\/p>\n\n\n\n<p>La soluci\u00f3n pasa por un Convenio que:<\/p>\n\n\n\n<p>&#8211; Garantice la recuperaci\u00f3n del poder adquisitivo. A fecha de 1 de enero de 2023 arrastramos una p\u00e9rdida del 13,49% en nuestro salario.<\/p>\n\n\n\n<p>&#8211; Se eliminen los contratos eventuales sin calendario que imponen una semi esclavitud a un tercio de la plantilla de Gorabide.<\/p>\n\n\n\n<p>&#8211; Medidas de conciliaci\u00f3n que mejoren las condiciones de una plantilla en la que la mayor\u00eda somos mujeres.<\/p>\n\n\n\n<p>Ante esta situaci\u00f3n de bloqueo en la negociaci\u00f3n hemos registrado 5 d\u00edas m\u00e1s de huelga, concretamente para el 12, 13, 14, 15, y 16 de junio. Y si persiste la irresponsabilidad tanto de la Direcci\u00f3n de Gorabide como de la Diputaci\u00f3n de Bizkaia no descartamos dar pasos m\u00e1s rotundos en nuestra lucha y valoraremos convocar una huelga indefinida.<\/p>\n\n\n\n<p>Durante estos d\u00edas realizaremos varias movilizaciones:<\/p>\n\n\n\n<p>&#8211; Lunes 12, manifestaci\u00f3n desde la sede de EITB<\/p>\n\n\n\n<p>&#8211; Martes 13, funeral en la Diputaci\u00f3n Foral de Bizkaia<\/p>\n\n\n\n<p>&#8211; Mi\u00e9rcoles 14, Interpelaci\u00f3n a las Junteras y Junteros de Bizkaia<\/p>\n\n\n\n<p>&#8211; Jueves 15 y viernes 16, acampada y movilizaci\u00f3n continua frente a Gorabide, en plaza Bizkaia.<\/p>\n","protected":false},"excerpt":{"rendered":"<p>El Comit\u00e9 Intercentros de Gorabide acusa a los responsables de Gorabide y de la Diputaci\u00f3n Foral de Bizkaia de ser los culpables de la actual situaci\u00f3n de conflicto.<\/p>\n","protected":false},"author":1191,"featured_media":54937,"comment_status":"closed","ping_status":"closed","sticky":false,"template":"","format":"standard","meta":{"_monsterinsights_skip_tracking":false,"_monsterinsights_sitenote_active":false,"_monsterinsights_sitenote_note":"","_monsterinsights_sitenote_category":0,"footnotes":"","_links_to":"","_links_to_target":""},"categories":[18,3392,2867,6],"tags":[3033,3178],"class_list":{"0":"post-59323","1":"post","2":"type-post","3":"status-publish","4":"format-standard","5":"has-post-thumbnail","7":"category-es-accion-sindical","8":"category-diversidad-funcional","9":"category-federaciones","10":"category-es-servicios-publicos","11":"tag-accion-sindical-es","12":"tag-destacado-1"},"_links":{"self":[{"href":"https:\/\/www.lab.eus\/es\/wp-json\/wp\/v2\/posts\/59323","targetHints":{"allow":["GET"]}}],"collection":[{"href":"https:\/\/www.lab.eus\/es\/wp-json\/wp\/v2\/posts"}],"about":[{"href":"https:\/\/www.lab.eus\/es\/wp-json\/wp\/v2\/types\/post"}],"author":[{"embeddable":true,"href":"https:\/\/www.lab.eus\/es\/wp-json\/wp\/v2\/users\/1191"}],"replies":[{"embeddable":true,"href":"https:\/\/www.lab.eus\/es\/wp-json\/wp\/v2\/comments?post=59323"}],"version-history":[{"count":0,"href":"https:\/\/www.lab.eus\/es\/wp-json\/wp\/v2\/posts\/59323\/revisions"}],"wp:featuredmedia":[{"embeddable":true,"href":"https:\/\/www.lab.eus\/es\/wp-json\/wp\/v2\/media\/54937"}],"wp:attachment":[{"href":"https:\/\/www.lab.eus\/es\/wp-json\/wp\/v2\/media?parent=59323"}],"wp:term":[{"taxonomy":"category","embeddable":true,"href":"https:\/\/www.lab.eus\/es\/wp-json\/wp\/v2\/categories?post=59323"},{"taxonomy":"post_tag","embeddable":true,"href":"https:\/\/www.lab.eus\/es\/wp-json\/wp\/v2\/tags?post=59323"}],"curies":[{"name":"wp","href":"https:\/\/api.w.org\/{rel}","templated":true}]}}