{"id":59250,"date":"2023-06-07T08:25:02","date_gmt":"2023-06-07T08:25:02","guid":{"rendered":"https:\/\/www.lab.eus\/?p=59250"},"modified":"2023-06-07T08:52:19","modified_gmt":"2023-06-07T08:52:19","slug":"convocamos-la-mesa-de-negociacion-de-residencias-de-nafarroa-con-el-objetivo-de-dar-un-nuevo-impulso-a-la-lucha-por-el-primer-convenio-sectorial","status":"publish","type":"post","link":"https:\/\/www.lab.eus\/es\/convocamos-la-mesa-de-negociacion-de-residencias-de-nafarroa-con-el-objetivo-de-dar-un-nuevo-impulso-a-la-lucha-por-el-primer-convenio-sectorial\/","title":{"rendered":"Convocamos la mesa de negociaci\u00f3n de residencias de Nafarroa con el objetivo de dar un nuevo impulso a la lucha por el primer convenio sectorial"},"content":{"rendered":"\n<p>A finales de mayo realizamos tres asambleas en Iru\u00f1ea, Tafalla y Doneztebe con nuestras delegadas de residencias con las que culmin\u00f3 un proceso de reflexi\u00f3n en torno a la lucha por el primer convenio sectorial de Nafarroa. Como consecuencia de ese proceso, hemos decidido dar un nuevo impulso a las negociaciones del convenio, que est\u00e1n paradas desde enero, y convocar unilateralmente la mesa de negociaci\u00f3n para el 9 de junio, a la que llama a participar a todas las partes implicadas.<\/p>\n\n\n\n<p>Tal y como hicimos a principios de 2021 promoviendo la apertura de la mesa de negociaci\u00f3n del que ser\u00e1 el primer convenio de residencias de Nafarroa, y tal y como hemos ido haciendo estos dos \u00faltimos a\u00f1os impulsando y socializando la necesidad de traer la negocaci\u00f3n colectiva a nuestro territorio, hemos visto ahora la necesidad de dar un nuevo impulso a la lucha visto el bloqueo por parte de unos y unas y la inactividad por parte de otros y otras.<\/p>\n\n\n\n<p>En LAB, junto a los otros tres sindicatos \u2012o mejor dicho, delante, tirando de ellos\u2012, llevamos m\u00e1s de dos a\u00f1os impulsando huelgas y movilizaciones varias, trabajando centro a centro la necesidad de luchar por un convenio colectivo propio que dignifique las condiciones de trabajo de las trabajadoras del sector.<\/p>\n\n\n\n<p>Pues bien, tras las \u00faltimas jornadas de huelgas y movilizaciones, hemos realizado un proceso de reflexion con nuestras delegadas y afiliadas, y entre todas se ha decidido que, ante la situaci\u00f3n de bloqueo, se quiere apostar por una negociacion real y con contenidos, y as\u00ed se les traslad\u00f3 en la anterior reuni\u00f3n intersidical a ELA y UGT \u2012CCOO se descolg\u00f3 hace meses de la lucha\u2012.<\/p>\n\n\n\n<p>La patronal hizo su propuesta en enero de este a\u00f1o. Es una propuesta insuficiente, pero mediante las m\u00faltiples huelgas y luchas de las trabajadoras del sector, se ha conseguido arrancarle a la patronal una propuesta, que para nosotras queda lejos de la firma, pero sienta la primera base para poder negociar el resto de contenidos.<\/p>\n\n\n\n<p>Entendemos que es el momento de actuar. La mejora de las condiciones de trabajo viene siempre respaldada por la lucha, y en ella sigue este sindicato, pero eso exige adem\u00e1s tener capacidad de negociaci\u00f3n. Propusimos a ELA y UGT convocar de nuevo la mesa de negociaci\u00f3n, para sentarnos todas juntas frente a la patronal y el Gobierno de Nafarroa. Pero ante la negativa de estos dos sindicatos, hemos decidido convocar de manera unilateral la mesa para el pr\u00f3ximo 9 de junio.<\/p>\n\n\n\n<p>Sin abandonar la lucha, sin abandonar las calles, pensamos que es el momento de reactivar una negociaci\u00f3n real y hablar de contenidos. Tenemos claro que es posible la consecuci\u00f3n del primer convenio colectivo de residencias de Nafarroa, pero para ello es indispensable hacer un movimiento hacia el acercamiento y comenzar a hablar de contenidos.<\/p>\n\n\n\n<p>En esa negociaci\u00f3n, para nosotras, son prioritarias e imprescindibles la mejora de los salarios (con la garant\u00eda del IPC), la reducci\u00f3n de la jornada laboral, los complementos por incapacidad temporal, abordar la necesidad de los contratos de relevo, y las medidas de conciliaci\u00f3n de la vida laboral y familiar, tan necesarias en este sector feminizado de cuidados. Pondremos encima de la mesa la limitaci\u00f3n de la flexibilidad y que todas las trabajadoras del sector cuenten con su calendario laboral anual, donde se respeten los descansos, donde los cambios de horarios unilaterales no tengan cabida para, de esta manera, garantizar la mejora en la calidad de vida de las trabajadoras del sector.<\/p>\n\n\n\n<p>En resumen, abrimos hoy un nuevo escenario en el sector de residencias de Nafarroa y hacemos un llamamiento al resto de sindicatos para que act\u00faen con responsabilidad y se comprometan con la mejora real de las condiciones laborales de las trabajadoras del sector.<\/p>\n\n\n\n<figure class=\"wp-block-image size-large\"><img loading=\"lazy\" decoding=\"async\" width=\"1024\" height=\"576\" src=\"https:\/\/www.lab.eus\/wp-content\/uploads\/2023\/06\/20230607_100947-1024x576.jpg\" alt=\"\" class=\"wp-image-59259\" srcset=\"https:\/\/www.lab.eus\/wp-content\/uploads\/2023\/06\/20230607_100947-1024x576.jpg 1024w, https:\/\/www.lab.eus\/wp-content\/uploads\/2023\/06\/20230607_100947-300x169.jpg 300w, https:\/\/www.lab.eus\/wp-content\/uploads\/2023\/06\/20230607_100947-768x432.jpg 768w, https:\/\/www.lab.eus\/wp-content\/uploads\/2023\/06\/20230607_100947-1536x864.jpg 1536w, https:\/\/www.lab.eus\/wp-content\/uploads\/2023\/06\/20230607_100947-2048x1152.jpg 2048w, https:\/\/www.lab.eus\/wp-content\/uploads\/2023\/06\/20230607_100947-150x84.jpg 150w, https:\/\/www.lab.eus\/wp-content\/uploads\/2023\/06\/20230607_100947-696x392.jpg 696w, https:\/\/www.lab.eus\/wp-content\/uploads\/2023\/06\/20230607_100947-1068x601.jpg 1068w, https:\/\/www.lab.eus\/wp-content\/uploads\/2023\/06\/20230607_100947-1920x1080.jpg 1920w, https:\/\/www.lab.eus\/wp-content\/uploads\/2023\/06\/20230607_100947-747x420.jpg 747w\" sizes=\"auto, (max-width: 1024px) 100vw, 1024px\" \/><\/figure>\n","protected":false},"excerpt":{"rendered":"<p>A finales de mayo realizamos tres asambleas en Iru\u00f1ea, Tafalla y Doneztebe con nuestras delegadas de residencias con las que culmin\u00f3 un proceso de reflexi\u00f3n en torno a la lucha por el primer convenio sectorial de Nafarroa. Como consecuencia de ese proceso, hemos decidido dar un nuevo impulso a las negociaciones del convenio, que est\u00e1n paradas desde enero, y convocar unilateralmente la mesa de negociaci\u00f3n para el 9 de junio, a la que llama a participar a todas las partes implicadas.<\/p>\n","protected":false},"author":1191,"featured_media":59251,"comment_status":"closed","ping_status":"closed","sticky":false,"template":"","format":"standard","meta":{"_monsterinsights_skip_tracking":false,"_monsterinsights_sitenote_active":false,"_monsterinsights_sitenote_note":"","_monsterinsights_sitenote_category":0,"footnotes":"","_links_to":"","_links_to_target":""},"categories":[18,2867,3000,6],"tags":[3033,3178,3353,4009,3171,3272],"class_list":{"0":"post-59250","1":"post","2":"type-post","3":"status-publish","4":"format-standard","5":"has-post-thumbnail","7":"category-es-accion-sindical","8":"category-federaciones","9":"category-servicio-sociocomunitario","10":"category-es-servicios-publicos","11":"tag-accion-sindical-es","12":"tag-destacado-1","13":"tag-residencias-es","14":"tag-residencias-de-nafarroa","15":"tag-servicios-publicos-es","16":"tag-sociocomunitario-es"},"_links":{"self":[{"href":"https:\/\/www.lab.eus\/es\/wp-json\/wp\/v2\/posts\/59250","targetHints":{"allow":["GET"]}}],"collection":[{"href":"https:\/\/www.lab.eus\/es\/wp-json\/wp\/v2\/posts"}],"about":[{"href":"https:\/\/www.lab.eus\/es\/wp-json\/wp\/v2\/types\/post"}],"author":[{"embeddable":true,"href":"https:\/\/www.lab.eus\/es\/wp-json\/wp\/v2\/users\/1191"}],"replies":[{"embeddable":true,"href":"https:\/\/www.lab.eus\/es\/wp-json\/wp\/v2\/comments?post=59250"}],"version-history":[{"count":0,"href":"https:\/\/www.lab.eus\/es\/wp-json\/wp\/v2\/posts\/59250\/revisions"}],"wp:featuredmedia":[{"embeddable":true,"href":"https:\/\/www.lab.eus\/es\/wp-json\/wp\/v2\/media\/59251"}],"wp:attachment":[{"href":"https:\/\/www.lab.eus\/es\/wp-json\/wp\/v2\/media?parent=59250"}],"wp:term":[{"taxonomy":"category","embeddable":true,"href":"https:\/\/www.lab.eus\/es\/wp-json\/wp\/v2\/categories?post=59250"},{"taxonomy":"post_tag","embeddable":true,"href":"https:\/\/www.lab.eus\/es\/wp-json\/wp\/v2\/tags?post=59250"}],"curies":[{"name":"wp","href":"https:\/\/api.w.org\/{rel}","templated":true}]}}