{"id":59243,"date":"2023-06-06T15:43:49","date_gmt":"2023-06-06T15:43:49","guid":{"rendered":"https:\/\/www.lab.eus\/?p=59243"},"modified":"2023-06-06T15:43:51","modified_gmt":"2023-06-06T15:43:51","slug":"las-trabajadoras-de-la-asuncion-convocan-14-dias-mas-de-huelga-para-junio-y-septiembre","status":"publish","type":"post","link":"https:\/\/www.lab.eus\/es\/las-trabajadoras-de-la-asuncion-convocan-14-dias-mas-de-huelga-para-junio-y-septiembre\/","title":{"rendered":"Las trabajadoras de la Asunci\u00f3n convocan 14 d\u00edas m\u00e1s de huelga para junio y septiembre"},"content":{"rendered":"\n<p>Tras 3 d\u00edas de paros y 10 d\u00edas de huelga, las trabajadoras de la Cl\u00ednica Asunci\u00f3n han convocado 14 d\u00edas m\u00e1s de huelga para junio y septiembre por un convenio que mejore sus condiciones laborales.<\/p>\n\n\n\n<p>Las trabajadoras de Inviza en Tolosa ofrecen un servicio p\u00fablico, que en otras comarcas lo realiza Osakidetza pero las condiciones laborales est\u00e1n muy alejadas.<\/p>\n\n\n\n<p>Las trabajadoras tienen pendiente la renovaci\u00f3n del convenio desde 2021 y, teniendo en cuenta el IPC que se ha dado estos a\u00f1os, han perdido un poder adquisitivo del 12,2%. El nuevo convenio pretende recuperar el poder adquisitivo perdido, lograr subidas salariales que hagan referencia al IPC y una jornada laboral semanal de 35 horas.<\/p>\n\n\n\n<p>Hasta ahora la empresa no ha mostrado ninguna voluntad negociadora y est\u00e1 haciendo todo lo posible para establecer unos servicios m\u00ednimos abusivos, intentando frustrar la huelga.<\/p>\n\n\n\n<p>Las jornadas de huelga ser\u00e1n las siguientes:<\/p>\n\n\n\n<p>7,8,9,12,13,19 y 20 de junio<br>13,14,15,18,19,28 y 29 de septiembre<br>Tambi\u00e9n se realizar\u00e1n concentraciones y Caravana de Coches.<br>Los d\u00edas 12 y 13 de junio se har\u00e1 una acampada de 24 horas en el Tri\u00e1ngulo.<\/p>\n","protected":false},"excerpt":{"rendered":"<p>Tras 3 d\u00edas de paros y 10 d\u00edas de huelga, las trabajadoras de la Cl\u00ednica Asunci\u00f3n han convocado 14 d\u00edas m\u00e1s de huelga para junio y septiembre por un convenio que mejore sus condiciones laborales.<\/p>\n","protected":false},"author":1191,"featured_media":59240,"comment_status":"closed","ping_status":"closed","sticky":false,"template":"","format":"standard","meta":{"_monsterinsights_skip_tracking":false,"_monsterinsights_sitenote_active":false,"_monsterinsights_sitenote_note":"","_monsterinsights_sitenote_category":0,"footnotes":"","_links_to":"","_links_to_target":""},"categories":[18,2867,3097,6],"tags":[3033,3178],"class_list":{"0":"post-59243","1":"post","2":"type-post","3":"status-publish","4":"format-standard","5":"has-post-thumbnail","7":"category-es-accion-sindical","8":"category-federaciones","9":"category-sanidad","10":"category-es-servicios-publicos","11":"tag-accion-sindical-es","12":"tag-destacado-1"},"_links":{"self":[{"href":"https:\/\/www.lab.eus\/es\/wp-json\/wp\/v2\/posts\/59243","targetHints":{"allow":["GET"]}}],"collection":[{"href":"https:\/\/www.lab.eus\/es\/wp-json\/wp\/v2\/posts"}],"about":[{"href":"https:\/\/www.lab.eus\/es\/wp-json\/wp\/v2\/types\/post"}],"author":[{"embeddable":true,"href":"https:\/\/www.lab.eus\/es\/wp-json\/wp\/v2\/users\/1191"}],"replies":[{"embeddable":true,"href":"https:\/\/www.lab.eus\/es\/wp-json\/wp\/v2\/comments?post=59243"}],"version-history":[{"count":0,"href":"https:\/\/www.lab.eus\/es\/wp-json\/wp\/v2\/posts\/59243\/revisions"}],"wp:featuredmedia":[{"embeddable":true,"href":"https:\/\/www.lab.eus\/es\/wp-json\/wp\/v2\/media\/59240"}],"wp:attachment":[{"href":"https:\/\/www.lab.eus\/es\/wp-json\/wp\/v2\/media?parent=59243"}],"wp:term":[{"taxonomy":"category","embeddable":true,"href":"https:\/\/www.lab.eus\/es\/wp-json\/wp\/v2\/categories?post=59243"},{"taxonomy":"post_tag","embeddable":true,"href":"https:\/\/www.lab.eus\/es\/wp-json\/wp\/v2\/tags?post=59243"}],"curies":[{"name":"wp","href":"https:\/\/api.w.org\/{rel}","templated":true}]}}