{"id":59031,"date":"2023-06-01T12:43:54","date_gmt":"2023-06-01T12:43:54","guid":{"rendered":"https:\/\/www.lab.eus\/?p=59031"},"modified":"2023-10-12T15:42:58","modified_gmt":"2023-10-12T15:42:58","slug":"adelantamos-en-irunea-los-pormenores-de-la-estrategia-antirracista-de-lab-que-presentaremos-publicamente-el-fin-de-semana-en-bilbo","status":"publish","type":"post","link":"https:\/\/www.lab.eus\/es\/adelantamos-en-irunea-los-pormenores-de-la-estrategia-antirracista-de-lab-que-presentaremos-publicamente-el-fin-de-semana-en-bilbo\/","title":{"rendered":"Adelantamos en Iru\u00f1ea la estrategia antirracista de LAB que presentaremos p\u00fablicamente el fin de semana en Bilbo"},"content":{"rendered":"\n<p>Hoy hemos adelantado en Iru\u00f1ea la presentaci\u00f3n p\u00fablica de la nueva estrategia contra el racismo que realizaremos el s\u00e1bado en Bilbo. Houssine Yagoubi, presidente del C\u00f3mite de Empresa de Huertas de Peralta y delegado de LAB, Cecilia Antolin, representante del Txoko Antirracista de LAB en Iru\u00f1a y delegada del sector Sociocuminitario, junto a Josefina Txefi Roco responsable de la Secretaria Antirracista han explicado c\u00f3mo el sindicato tiene como objetivo construir herramientas \u00fatiles para defender los derechos y la organizaci\u00f3n colectiva de los y las trabajadoras migradas y\/o racializadas.<\/p>\n\n\n\n<p>El sindicato LAB decidi\u00f3 crear una Secretar\u00eda de Sindicalismo Antirracista en el \u00faltimo congreso de junio de 2022, en el marco de su apuesta por un nuevo sindicalismo. El sistema capitalista-colonial y el patriarcal crea sujetos de primera, segunda y tercera y saca r\u00e9dito de estas diferencias. Pues bien, en LAB tenemos por objetivo poder leer bien dichas situaciones y construir los recursos necesarios para hacerlse frente, ya que defendemos que todas las personas deber\u00edan tener los mismos derechos y oportunidades.<\/p>\n\n\n\n<p>Tal y como hemos subrayado en la presentaci\u00f3n en Iru\u00f1ea, el nuevo sindicalismo de LAB no ser\u00eda posible sin la presencia de compa\u00f1eros y compa\u00f1eras de Huerta de Peralta, de la secci\u00f3n de empleadas de hogar, de las plataformas de distribuci\u00f3n, de las limpiadoras y de muchos otros y otras. Y ese es el motivo del adelante en Iru\u00f1a poner en valor los potentes procesos que se han desarrollado en diferentes territorios navarros, el compromiso de tantas compa\u00f1eras migrantes y racializadas, que de alguna manera han posibilitado que en esta semana LAB pueda presentar esta nueva apuesta.<\/p>\n\n\n\n<p>En ese sentido, en el sindicato LAB ya tenemos un plan estrat\u00e9gico de sindicalismo antirracista, que ha sido fruto de un proceso colectivo. Pues bien, pasado ma\u00f1ana, s\u00e1bado, realizaremos la presentaci\u00f3n p\u00fablica en Bira Kultur Gunea de Bilbo, en la calle Ronda del Casco Viejo, donde desgranaremos todos los detalles. La cita ser\u00e1 a partir de las 11:00 horas.<\/p>\n\n\n\n<figure class=\"wp-block-image size-large\"><img loading=\"lazy\" decoding=\"async\" width=\"724\" height=\"1024\" src=\"https:\/\/www.lab.eus\/wp-content\/uploads\/2023\/06\/FxYzyduXwAAQ6Ec-724x1024.jpg\" alt=\"\" class=\"wp-image-59026\" srcset=\"https:\/\/www.lab.eus\/wp-content\/uploads\/2023\/06\/FxYzyduXwAAQ6Ec-724x1024.jpg 724w, https:\/\/www.lab.eus\/wp-content\/uploads\/2023\/06\/FxYzyduXwAAQ6Ec-212x300.jpg 212w, https:\/\/www.lab.eus\/wp-content\/uploads\/2023\/06\/FxYzyduXwAAQ6Ec-768x1086.jpg 768w, https:\/\/www.lab.eus\/wp-content\/uploads\/2023\/06\/FxYzyduXwAAQ6Ec-1086x1536.jpg 1086w, https:\/\/www.lab.eus\/wp-content\/uploads\/2023\/06\/FxYzyduXwAAQ6Ec-1449x2048.jpg 1449w, https:\/\/www.lab.eus\/wp-content\/uploads\/2023\/06\/FxYzyduXwAAQ6Ec-150x212.jpg 150w, https:\/\/www.lab.eus\/wp-content\/uploads\/2023\/06\/FxYzyduXwAAQ6Ec-300x424.jpg 300w, https:\/\/www.lab.eus\/wp-content\/uploads\/2023\/06\/FxYzyduXwAAQ6Ec-696x984.jpg 696w, https:\/\/www.lab.eus\/wp-content\/uploads\/2023\/06\/FxYzyduXwAAQ6Ec-1068x1510.jpg 1068w, https:\/\/www.lab.eus\/wp-content\/uploads\/2023\/06\/FxYzyduXwAAQ6Ec-1920x2715.jpg 1920w, https:\/\/www.lab.eus\/wp-content\/uploads\/2023\/06\/FxYzyduXwAAQ6Ec-297x420.jpg 297w, https:\/\/www.lab.eus\/wp-content\/uploads\/2023\/06\/FxYzyduXwAAQ6Ec-scaled.jpg 1811w\" sizes=\"auto, (max-width: 724px) 100vw, 724px\" \/><\/figure>\n","protected":false},"excerpt":{"rendered":"<p>Hoy hemos adelantado en Iru\u00f1ea la presentaci\u00f3n p\u00fablica de la nueva estrategia contra el racismo que realizaremos el s\u00e1bado en Bilbao. La responsable de la Secretar\u00eda Antirracista de LAB, Josefina Txefi Rojo, y varias afiliadas migrantes explican c\u00f3mo el sindicato tiene como objetivo construir herramientas \u00fatiles para defender los derechos y la organizaci\u00f3n colectiva de los y las trabajadoras migradas y\/o racializadas.<\/p>\n","protected":false},"author":1191,"featured_media":59033,"comment_status":"closed","ping_status":"closed","sticky":false,"template":"","format":"standard","meta":{"_monsterinsights_skip_tracking":false,"_monsterinsights_sitenote_active":false,"_monsterinsights_sitenote_note":"","_monsterinsights_sitenote_category":0,"footnotes":"","_links_to":"","_links_to_target":""},"categories":[2994,2973],"tags":[3178,3990,3623,4119],"class_list":{"0":"post-59031","1":"post","2":"type-post","3":"status-publish","4":"format-standard","5":"has-post-thumbnail","7":"category-accion-social","8":"category-secretarias","9":"tag-destacado-1","10":"tag-idazkaritza","11":"tag-secretaria-antirracista","12":"tag-secretaria-antirracista-es"},"_links":{"self":[{"href":"https:\/\/www.lab.eus\/es\/wp-json\/wp\/v2\/posts\/59031","targetHints":{"allow":["GET"]}}],"collection":[{"href":"https:\/\/www.lab.eus\/es\/wp-json\/wp\/v2\/posts"}],"about":[{"href":"https:\/\/www.lab.eus\/es\/wp-json\/wp\/v2\/types\/post"}],"author":[{"embeddable":true,"href":"https:\/\/www.lab.eus\/es\/wp-json\/wp\/v2\/users\/1191"}],"replies":[{"embeddable":true,"href":"https:\/\/www.lab.eus\/es\/wp-json\/wp\/v2\/comments?post=59031"}],"version-history":[{"count":0,"href":"https:\/\/www.lab.eus\/es\/wp-json\/wp\/v2\/posts\/59031\/revisions"}],"wp:featuredmedia":[{"embeddable":true,"href":"https:\/\/www.lab.eus\/es\/wp-json\/wp\/v2\/media\/59033"}],"wp:attachment":[{"href":"https:\/\/www.lab.eus\/es\/wp-json\/wp\/v2\/media?parent=59031"}],"wp:term":[{"taxonomy":"category","embeddable":true,"href":"https:\/\/www.lab.eus\/es\/wp-json\/wp\/v2\/categories?post=59031"},{"taxonomy":"post_tag","embeddable":true,"href":"https:\/\/www.lab.eus\/es\/wp-json\/wp\/v2\/tags?post=59031"}],"curies":[{"name":"wp","href":"https:\/\/api.w.org\/{rel}","templated":true}]}}