{"id":58399,"date":"2023-05-16T14:27:51","date_gmt":"2023-05-16T14:27:51","guid":{"rendered":"https:\/\/www.lab.eus\/?p=58399"},"modified":"2023-05-16T14:27:53","modified_gmt":"2023-05-16T14:27:53","slug":"denunciamos-el-preacuerdo-de-gureak-nafarroa-que-ugt-ha-firmado-en-minoria-sin-contar-con-el-resto-del-comite-de-empresa-y-cuyas-subidas-salariales-no-estan-ligadas-al-ipc","status":"publish","type":"post","link":"https:\/\/www.lab.eus\/es\/denunciamos-el-preacuerdo-de-gureak-nafarroa-que-ugt-ha-firmado-en-minoria-sin-contar-con-el-resto-del-comite-de-empresa-y-cuyas-subidas-salariales-no-estan-ligadas-al-ipc\/","title":{"rendered":"Denunciamos el preacuerdo de Gureak Nafarroa que UGT ha firmado en minor\u00eda, sin contar con el resto del Comit\u00e9 de Empresa y cuyas subidas salariales no est\u00e1n ligadas al IPC"},"content":{"rendered":"\n<p>El pasado viernes 12 de mayo, la mayor\u00eda del Comit\u00e9 de Empresa de Gureak Nafarroa (4 delegados y delegadas de LAB y 1 de ELA) supo que UGT (4) hab\u00eda firmado en minor\u00eda un preacuerdo con la empresa para un convenio que contempla incrementos salariales no ligados al IPC, con lo que no asegura que los y las trabajadoras de Gureak no sigan perdiendo poder adquisitivo. Denunciamos el contenido del acuerdo, pero tambi\u00e9n el hecho de haber alcanzado un acuerdo al margen de la mayor\u00eda de la representaci\u00f3n sindical.<\/p>\n\n\n\n<p>Los y las delegadas del sindicato LAB se sienten enga\u00f1adas por ambas partes: por un lado, porque en todo este tiempo han trabajado para que toda la plantilla pelease unida por unas condiciones de trabajo dignas; por otro lado, porque en el acuerdo parte de los incrementos salariales no est\u00e1n ligados al IPC; esto siempre supone una p\u00e9rdida de poder adquisitivo y, teniendo en cuenta los salarios de la plantilla, es algo a lo que no se puede permitir.<\/p>\n\n\n\n<p>Ha pasado de m\u00e1s de un a\u00f1o desde que empezaron las negociaciones del convenio de empresa de Gureak Navarra. El Comit\u00e9 compuesto por LAB, UGT y ELA comenz\u00f3 las negociaciones a finales del a\u00f1o 2021 y, junto con gran parte de la plantilla, en este tiempo han realizado huelgas, paros, movilizaciones y diferentes acciones para denunciar la falta de compromiso por parte de la empresa para llevar una negociaci\u00f3n real y digna para la plantilla.<\/p>\n\n\n\n<p>Gureak Nafarroa es un centro especial de empleo que se dedica al buzoneo o a hacer piezas como cualquier otra empresa de Industria. Sin embargo, la mayor\u00eda de sus salarios no llegan a los mil euros. Adem\u00e1s, pese a los grandes beneficios y las subvenciones millonarias por parte del Gobierno de Nafarroa, la empresa nunca se ha movido para llevar una negociaci\u00f3n real con el Comit\u00e9 de Empresa.<\/p>\n\n\n\n<p>LAB y nuestros delegados y delegadas seguiremos denunciando los acuerdos que no contemplen mejoras e incrementos salariales ligados al IPC, y seguiremos trabajando para que los trabajadores y trabajadoras de Gureak Nafarroa no pierdan poder adquisitivo. Y pese a que estamos m\u00e1s que acostumbradas a los acuerdos entre las empresas y UGT, nos seguir\u00e1n teniendo enfrente, donde est\u00e1n los y las trabajadoras.<\/p>\n","protected":false},"excerpt":{"rendered":"<p>El pasado viernes 12 de mayo, la mayor\u00eda del Comit\u00e9 de Empresa de Gureak Nafarroa (4 delegados y delegadas de LAB y 1 de ELA) supo que UGT (4) hab\u00eda firmado en minor\u00eda un preacuerdo con la empresa para un convenio que contempla incrementos salariales no ligados al IPC, con lo que no asegura que los y las trabajadoras de Gureak no sigan perdiendo poder adquisitivo. Denunciamos el contenido del acuerdo, pero tambi\u00e9n el hecho de haber alcanzado un acuerdo al margen de la mayor\u00eda de la representaci\u00f3n sindical.<\/p>\n","protected":false},"author":1191,"featured_media":58396,"comment_status":"closed","ping_status":"closed","sticky":false,"template":"","format":"standard","meta":{"_monsterinsights_skip_tracking":false,"_monsterinsights_sitenote_active":false,"_monsterinsights_sitenote_note":"","_monsterinsights_sitenote_category":0,"footnotes":"","_links_to":"","_links_to_target":""},"categories":[18,2867],"tags":[3033,3178,2715],"class_list":{"0":"post-58399","1":"post","2":"type-post","3":"status-publish","4":"format-standard","5":"has-post-thumbnail","7":"category-es-accion-sindical","8":"category-federaciones","9":"tag-accion-sindical-es","10":"tag-destacado-1","11":"tag-gureak"},"_links":{"self":[{"href":"https:\/\/www.lab.eus\/es\/wp-json\/wp\/v2\/posts\/58399","targetHints":{"allow":["GET"]}}],"collection":[{"href":"https:\/\/www.lab.eus\/es\/wp-json\/wp\/v2\/posts"}],"about":[{"href":"https:\/\/www.lab.eus\/es\/wp-json\/wp\/v2\/types\/post"}],"author":[{"embeddable":true,"href":"https:\/\/www.lab.eus\/es\/wp-json\/wp\/v2\/users\/1191"}],"replies":[{"embeddable":true,"href":"https:\/\/www.lab.eus\/es\/wp-json\/wp\/v2\/comments?post=58399"}],"version-history":[{"count":0,"href":"https:\/\/www.lab.eus\/es\/wp-json\/wp\/v2\/posts\/58399\/revisions"}],"wp:featuredmedia":[{"embeddable":true,"href":"https:\/\/www.lab.eus\/es\/wp-json\/wp\/v2\/media\/58396"}],"wp:attachment":[{"href":"https:\/\/www.lab.eus\/es\/wp-json\/wp\/v2\/media?parent=58399"}],"wp:term":[{"taxonomy":"category","embeddable":true,"href":"https:\/\/www.lab.eus\/es\/wp-json\/wp\/v2\/categories?post=58399"},{"taxonomy":"post_tag","embeddable":true,"href":"https:\/\/www.lab.eus\/es\/wp-json\/wp\/v2\/tags?post=58399"}],"curies":[{"name":"wp","href":"https:\/\/api.w.org\/{rel}","templated":true}]}}