{"id":58065,"date":"2023-05-10T09:56:35","date_gmt":"2023-05-10T09:56:35","guid":{"rendered":"https:\/\/www.lab.eus\/?p=58065"},"modified":"2023-05-10T09:56:37","modified_gmt":"2023-05-10T09:56:37","slug":"el-gobierno-vasco-debe-posibilitar-cuanto-antes-la-negociacion-con-los-y-las-trabajadoras-de-justicia","status":"publish","type":"post","link":"https:\/\/www.lab.eus\/es\/el-gobierno-vasco-debe-posibilitar-cuanto-antes-la-negociacion-con-los-y-las-trabajadoras-de-justicia\/","title":{"rendered":"El Gobierno Vasco debe posibilitar cuanto antes la negociaci\u00f3n con los y las trabajadoras de justicia"},"content":{"rendered":"\n<p><a href=\"https:\/\/www.lab.eus\/es\/registramos-una-nueva-convocatoria-de-huelga-en-justicia-ante-la-nula-voluntad-negociadora-mostrada-por-el-gobierno-vasco\/\">La plantilla de la administraci\u00f3n de justicia se encuentra en huelga<\/a> para reivindicar, entre otros asuntos, el cumplimiento del IV. Acuerdo Regulador, vulnerado sistem\u00e1ticamente por el Gobierno Vasco. Los y las representantes de la plantilla exigen a dicha instituci\u00f3n que deje de mirar hacia otro lado y se haga cargo de su responsabilidad para que vuelva a recuperarse la actividad habitual en los servicios de justicia.<\/p>\n\n\n\n<p>Ante las declaraciones del Gobierno Vasco manifestamos que si de verdad quiere cumplir sus propias palabras lo que tiene que hacer es convocarnos urgentemente para continuar la negociaci\u00f3n y poder alcanzar un acuerdo a la mayor brevedad posible.<\/p>\n\n\n\n<p>Por otro lado, el Gobierno Vaso no puede hacer una dejaci\u00f3n de sus propias competencias escondi\u00e9ndose detr\u00e1s del Ministerio de Justicia espa\u00f1ol para evitar negociar una soluci\u00f3n acordada al conflicto provocado por sus incumplimientos del vigente acuerdo de condiciones de trabajo, por lo que ELA y LAB volvemos a emplazarle para que, tras casi treinta a\u00f1os desde la transferencia, cumpla el acuerdo y su palabra y equipare retributivamente al personal de justicia. La diferencia entre las retribuciones de dos colectivos de personal funcionario de su competencia, nada tiene que ver con el Ministerio de Justicia.<\/p>\n\n\n\n<p>Finalmente, nos parece muy buena noticia que CCOO tambi\u00e9n se sume a la huelga convocada por ELA y LAB contra el Gobierno Vasco para reclamar el cumplimiento del IV. Acuerdo, de forma que as\u00ed podamos confluir tanto en las jornadas de huelga planteadas como en la reivindicaci\u00f3n de su m\u00e1ximo cumplimiento.<\/p>\n","protected":false},"excerpt":{"rendered":"<p>La plantilla de la administraci\u00f3n de justicia se encuentra en huelga para reivindicar, entre otros asuntos, el cumplimiento del IV. Acuerdo Regulador, vulnerado sistem\u00e1ticamente por el Gobierno Vasco. Los y las representantes de la plantilla exigen a dicha instituci\u00f3n que deje de mirar hacia otro lado y se haga cargo de su responsabilidad para que vuelva a recuperarse la actividad habitual en los servicios de justicia.<\/p>\n","protected":false},"author":1191,"featured_media":58069,"comment_status":"closed","ping_status":"closed","sticky":false,"template":"","format":"standard","meta":{"_monsterinsights_skip_tracking":false,"_monsterinsights_sitenote_active":false,"_monsterinsights_sitenote_note":"","_monsterinsights_sitenote_category":0,"footnotes":"","_links_to":"","_links_to_target":""},"categories":[2867,3061],"tags":[3178,3846],"class_list":{"0":"post-58065","1":"post","2":"type-post","3":"status-publish","4":"format-standard","5":"has-post-thumbnail","7":"category-federaciones","8":"category-justicia","9":"tag-destacado-1","10":"tag-justicia"},"_links":{"self":[{"href":"https:\/\/www.lab.eus\/es\/wp-json\/wp\/v2\/posts\/58065","targetHints":{"allow":["GET"]}}],"collection":[{"href":"https:\/\/www.lab.eus\/es\/wp-json\/wp\/v2\/posts"}],"about":[{"href":"https:\/\/www.lab.eus\/es\/wp-json\/wp\/v2\/types\/post"}],"author":[{"embeddable":true,"href":"https:\/\/www.lab.eus\/es\/wp-json\/wp\/v2\/users\/1191"}],"replies":[{"embeddable":true,"href":"https:\/\/www.lab.eus\/es\/wp-json\/wp\/v2\/comments?post=58065"}],"version-history":[{"count":0,"href":"https:\/\/www.lab.eus\/es\/wp-json\/wp\/v2\/posts\/58065\/revisions"}],"wp:featuredmedia":[{"embeddable":true,"href":"https:\/\/www.lab.eus\/es\/wp-json\/wp\/v2\/media\/58069"}],"wp:attachment":[{"href":"https:\/\/www.lab.eus\/es\/wp-json\/wp\/v2\/media?parent=58065"}],"wp:term":[{"taxonomy":"category","embeddable":true,"href":"https:\/\/www.lab.eus\/es\/wp-json\/wp\/v2\/categories?post=58065"},{"taxonomy":"post_tag","embeddable":true,"href":"https:\/\/www.lab.eus\/es\/wp-json\/wp\/v2\/tags?post=58065"}],"curies":[{"name":"wp","href":"https:\/\/api.w.org\/{rel}","templated":true}]}}