{"id":58006,"date":"2023-05-09T14:15:28","date_gmt":"2023-05-09T14:15:28","guid":{"rendered":"https:\/\/www.lab.eus\/?p=58006"},"modified":"2023-05-09T14:15:30","modified_gmt":"2023-05-09T14:15:30","slug":"mostramos-nuestra-preocupacion-por-la-judicializacion-de-la-reestructuracion-del-grupo-celsa","status":"publish","type":"post","link":"https:\/\/www.lab.eus\/es\/mostramos-nuestra-preocupacion-por-la-judicializacion-de-la-reestructuracion-del-grupo-celsa\/","title":{"rendered":"Mostramos nuestra preocupaci\u00f3n por la judicializaci\u00f3n de la reestructuraci\u00f3n del Grupo Celsa"},"content":{"rendered":"\n<p>Las secciones sindicales de LAB, LEKU, ELA y ESK con representaci\u00f3n en Nervacero y Laminaciones Arregui, ambas pertenecientes al Grupo Celsa, queremos mostrar nuestra preocupaci\u00f3n por la judicializaci\u00f3n de la reestructuraci\u00f3n del Grupo Celsa. Ante esta situaci\u00f3n, nos hemos reunido con el Departamento de Industria del Gobierno Vasco.<\/p>\n\n\n\n<p>Desde que se inici\u00f3 el culebr\u00f3n de la negociaci\u00f3n de la deuda del grupo y su posterior judicializaci\u00f3n por los fondos, han sido muchas las noticias que se han surgido y parece que \u00e9ste no tiene un final o soluci\u00f3n cercana. Con esta situaci\u00f3n, las principales perjudicadas son los y las trabajadoras, que corren el riesgo de que, ante la incertidumbre, Nervacero y Laminaciones Arregui no avancen en el plano industrial.<\/p>\n\n\n\n<p>La informaci\u00f3n que llega a las plantillas viene por la prensa, ya que el Grupo Celsa ni los fondos de inversi\u00f3n no han presentado ni informado sobre sus planes de reestructuraci\u00f3n a los y las trabajadoras.<\/p>\n\n\n\n<p>Sabemos muy bien a qu\u00e9 se dedican los fondos buitre y cu\u00e1les son sus intereses, por ello, la \u00fanica soluci\u00f3n viable es que el Grupo Celsa quede en manos de un grupo industrial que mantenga la actividad, el empleo y garantice un futuro para las plantas de Celsa, en especial para Nervacero y Laminaciones Arregui.<\/p>\n\n\n\n<p>Con esta preocupaci\u00f3n, las centrales sindicales arriba mencionadas hemos mantenido una reuni\u00f3n con el Departamento de Industria del Gobierno Vasco para:<\/p>\n\n\n\n<ul class=\"wp-block-list\"><li>Conocer los contactos que haya podido tener el Gobierno Vasco con los acreedores y con el Grupo Celsa.<\/li><li>Solicitar mediaci\u00f3n del Gobierno Vasco para esclarecer los planes que los fondos buitre tienen para Nervacero y Laminaciones Arregui.<\/li><li>Solicitar la implicaci\u00f3n del Gobierno Vasco en todo este proceso y que se haga una apuesta y defensa clara por la actividad, el empleo, el futuro y el potencial de Nervacero y Laminaciones Arregui.<\/li><li>Que el Gobierno Vasco haga un seguimiento estrecho del proceso.<\/li><\/ul>\n\n\n\n<p>La prioridad de estas secciones sindicales es el mantenimiento de la actividad y el empleo, apostando por el&nbsp; futuro. Para ello, con esta interpelaci\u00f3n al Gobierno Vasco, pretendemos estar mejor preparados y preparadas para el final de esta historia, sea cual sea. Las instituciones deben ser garantes de la defensa de nuestros puestos de trabajo, no pueden mantenerse como meras espectadoras de una situaci\u00f3n que puede acabar con la destrucci\u00f3n de cientos de empleos directos y otros tantos indirectos, sino que deben tomar una actitud proactiva en todo este proceso.<\/p>\n","protected":false},"excerpt":{"rendered":"<p>Las secciones sindicales de LAB, LEKU, ELA y ESK con representaci\u00f3n en Nervacero y Laminaciones Arregui, ambas pertenecientes al Grupo Celsa, queremos mostrar nuestra preocupaci\u00f3n por la judicializaci\u00f3n de la reestructuraci\u00f3n del Grupo Celsa. Ante esta situaci\u00f3n, nos hemos reunido con el Departamento de Industria del Gobierno Vasco.<\/p>\n","protected":false},"author":1191,"featured_media":58004,"comment_status":"closed","ping_status":"closed","sticky":false,"template":"","format":"standard","meta":{"_monsterinsights_skip_tracking":false,"_monsterinsights_sitenote_active":false,"_monsterinsights_sitenote_note":"","_monsterinsights_sitenote_category":0,"footnotes":"","_links_to":"","_links_to_target":""},"categories":[18,2867,2868,108],"tags":[3033,3916,3178,2996,1043,3064,3917],"class_list":{"0":"post-58006","1":"post","2":"type-post","3":"status-publish","4":"format-standard","5":"has-post-thumbnail","7":"category-es-accion-sindical","8":"category-federaciones","9":"category-industria-es","10":"category-es-metal","11":"tag-accion-sindical-es","12":"tag-celsa","13":"tag-destacado-1","14":"tag-industria-es","15":"tag-laminaciones-arregui","16":"tag-metal-es","17":"tag-nervacero"},"_links":{"self":[{"href":"https:\/\/www.lab.eus\/es\/wp-json\/wp\/v2\/posts\/58006","targetHints":{"allow":["GET"]}}],"collection":[{"href":"https:\/\/www.lab.eus\/es\/wp-json\/wp\/v2\/posts"}],"about":[{"href":"https:\/\/www.lab.eus\/es\/wp-json\/wp\/v2\/types\/post"}],"author":[{"embeddable":true,"href":"https:\/\/www.lab.eus\/es\/wp-json\/wp\/v2\/users\/1191"}],"replies":[{"embeddable":true,"href":"https:\/\/www.lab.eus\/es\/wp-json\/wp\/v2\/comments?post=58006"}],"version-history":[{"count":0,"href":"https:\/\/www.lab.eus\/es\/wp-json\/wp\/v2\/posts\/58006\/revisions"}],"wp:featuredmedia":[{"embeddable":true,"href":"https:\/\/www.lab.eus\/es\/wp-json\/wp\/v2\/media\/58004"}],"wp:attachment":[{"href":"https:\/\/www.lab.eus\/es\/wp-json\/wp\/v2\/media?parent=58006"}],"wp:term":[{"taxonomy":"category","embeddable":true,"href":"https:\/\/www.lab.eus\/es\/wp-json\/wp\/v2\/categories?post=58006"},{"taxonomy":"post_tag","embeddable":true,"href":"https:\/\/www.lab.eus\/es\/wp-json\/wp\/v2\/tags?post=58006"}],"curies":[{"name":"wp","href":"https:\/\/api.w.org\/{rel}","templated":true}]}}