{"id":57943,"date":"2023-05-05T16:04:17","date_gmt":"2023-05-05T16:04:17","guid":{"rendered":"https:\/\/www.lab.eus\/?p=57943"},"modified":"2023-05-05T16:04:20","modified_gmt":"2023-05-05T16:04:20","slug":"ceoe-ccoo-y-ugt-dan-por-buena-la-devaluacion-salarial-a-nivel-de-estado","status":"publish","type":"post","link":"https:\/\/www.lab.eus\/es\/ceoe-ccoo-y-ugt-dan-por-buena-la-devaluacion-salarial-a-nivel-de-estado\/","title":{"rendered":"CEOE, CCOO y UGT dan por buena la devaluaci\u00f3n salarial a nivel de estado"},"content":{"rendered":"\n<p>CEOE, CCOO y UGT han anunciado un nuevo acuerdo de negociaci\u00f3n colectiva a nivel estatal. Dicho acuerdo no representa a los trabajadores y trabajadoras vascas, puesto que CCOO y UGT son minor\u00eda en Hego Euskal Herria. Respecto al contenido del acuerdo, la valoraci\u00f3n de LAB es rotundamente negativa.<\/p>\n\n\n\n<p>La subida de precios est\u00e1 generando una devaluaci\u00f3n generalizada de los salarios a nivel de Estado.&nbsp; En el 2022 los precios subieron un 8,4%, tres veces m\u00e1s que los salarios (2,8%). El acuerdo anunciado por CEOE, CCOO y UGT no plantea ning\u00fan tipo de subida salarial para el 2022 y en las subidas salariales previstas para el 2023, 2024 y 2025 no se garantiza el IPC. As\u00ed pues, CEOE, CCOO y UGT dan por buena la devaluaci\u00f3n salarial que se est\u00e1 produciendo a nivel del Estado.<\/p>\n\n\n\n<p>De esta forma, el hordago lanzado por CCOO y UGT en el Primero de Mayo, advirtiendo de un periodo de confrontaci\u00f3n si no se sub\u00edan los salarios, se ha quedado en agua de borrajas. Sea por incapacidad, sea por falta de voluntad o por ambas, CCOO y UGT han optado nuevamente por un acuerdo de paz social con la Patronal que conlleva p\u00e9rdida de poder adquisitivo para la clase trabajadora.<\/p>\n\n\n\n<p>Por fortuna, en Euskal Herria los y las trabajadoras han optado mayoritariamente por la lucha sindical para disputar el reparto de la riqueza, asegurar el poder adquistivo y combatir la brecha salarial. M\u00e1s de la mitad de las huelgas de todo el Estado se han realizado en Hego Euskal Herria. Este apuesta sindical est\u00e1 dando sus frutos: las subidas salariales son mayores y se est\u00e1n produciendo m\u00e1s mejoras laborales que en el conjunto del Estado.<\/p>\n\n\n\n<p>LAB reitera su apuesta por esta v\u00eda de la organizaci\u00f3n y lucha sindical para hacer posible en Euskal Herria los cambios laborales, sociales y pol\u00edticos que son inviables en Madrid.<\/p>\n","protected":false},"excerpt":{"rendered":"<p>CEOE, CCOO y UGT han anunciado un nuevo acuerdo de negociaci\u00f3n colectiva a nivel estatal. Dicho acuerdo no representa a los trabajadores y trabajadoras vascas, puesto que CCOO y UGT son minor\u00eda en Hego Euskal Herria. Respecto al contenido del acuerdo, la valoraci\u00f3n de LAB es rotundamente negativa.<\/p>\n","protected":false},"author":1191,"featured_media":57941,"comment_status":"closed","ping_status":"closed","sticky":false,"template":"","format":"standard","meta":{"_monsterinsights_skip_tracking":false,"_monsterinsights_sitenote_active":false,"_monsterinsights_sitenote_note":"","_monsterinsights_sitenote_category":0,"footnotes":"","_links_to":"","_links_to_target":""},"categories":[18],"tags":[3033,3178],"class_list":{"0":"post-57943","1":"post","2":"type-post","3":"status-publish","4":"format-standard","5":"has-post-thumbnail","7":"category-es-accion-sindical","8":"tag-accion-sindical-es","9":"tag-destacado-1"},"_links":{"self":[{"href":"https:\/\/www.lab.eus\/es\/wp-json\/wp\/v2\/posts\/57943","targetHints":{"allow":["GET"]}}],"collection":[{"href":"https:\/\/www.lab.eus\/es\/wp-json\/wp\/v2\/posts"}],"about":[{"href":"https:\/\/www.lab.eus\/es\/wp-json\/wp\/v2\/types\/post"}],"author":[{"embeddable":true,"href":"https:\/\/www.lab.eus\/es\/wp-json\/wp\/v2\/users\/1191"}],"replies":[{"embeddable":true,"href":"https:\/\/www.lab.eus\/es\/wp-json\/wp\/v2\/comments?post=57943"}],"version-history":[{"count":0,"href":"https:\/\/www.lab.eus\/es\/wp-json\/wp\/v2\/posts\/57943\/revisions"}],"wp:featuredmedia":[{"embeddable":true,"href":"https:\/\/www.lab.eus\/es\/wp-json\/wp\/v2\/media\/57941"}],"wp:attachment":[{"href":"https:\/\/www.lab.eus\/es\/wp-json\/wp\/v2\/media?parent=57943"}],"wp:term":[{"taxonomy":"category","embeddable":true,"href":"https:\/\/www.lab.eus\/es\/wp-json\/wp\/v2\/categories?post=57943"},{"taxonomy":"post_tag","embeddable":true,"href":"https:\/\/www.lab.eus\/es\/wp-json\/wp\/v2\/tags?post=57943"}],"curies":[{"name":"wp","href":"https:\/\/api.w.org\/{rel}","templated":true}]}}