{"id":57902,"date":"2023-05-05T10:34:23","date_gmt":"2023-05-05T10:34:23","guid":{"rendered":"https:\/\/www.lab.eus\/?p=57902"},"modified":"2023-05-05T10:34:26","modified_gmt":"2023-05-05T10:34:26","slug":"conseguimos-la-readmision-de-un-delegado-despedido-de-saltoki-logistika-araba-lortudugu","status":"publish","type":"post","link":"https:\/\/www.lab.eus\/es\/conseguimos-la-readmision-de-un-delegado-despedido-de-saltoki-logistika-araba-lortudugu\/","title":{"rendered":"Conseguimos la readmisi\u00f3n de un delegado despedido de Saltoki Logistika Araba #LortuDugu"},"content":{"rendered":"\n<p>Tras conocerse la sentencia del Juzgado de lo Social de Gasteiz en la que se reconoce la improcedencia del despido, dicha persona podr\u00e1 volver a trabajar y a realizar sus labores como delegado de personal en la empresa.<\/p>\n\n\n\n<p>En la sentencia ha quedado claro que la empresa intent\u00f3 utilizar de manera instrumental y en favor de la patronal la especial situaci\u00f3n de fragilidad a la que expone la ley de extranjer\u00eda espa\u00f1ola a las personas en el momento de renovaci\u00f3n de su permiso de residencia y trabajo, para despedir a un delegado que le era molesto y que estaba haciendo una importante labor de denuncia de la falta de libertad sindical en la empresa, as\u00ed como en defensa de los derechos de la plantilla.<\/p>\n\n\n\n<p>Si Saltoki pensaba que con el despido iba a conseguir que desapareciera de la empresa el sindicalismo de clase y combativo que LAB representa, no solo es ignorante ante la historia de la conquista de los derechos laborales, sino que desconoce la capacidad de trabajo y entrega que los hombres y mujeres que componen LAB demuestran cada d\u00eda.<\/p>\n\n\n\n<p>En ese sentido, ante el despido de nuestro delegado y el deterioro de los derechos y condiciones laborales en Saltoki Logistika Araba, LAB inici\u00f3 una din\u00e1mica de denuncia en todos los \u00e1mbitos: a nivel social, en Inspecci\u00f3n de Trabajo, en movilizaciones, y tambi\u00e9n en los Juzgados. Fruto de esta lucha, LAB ha conseguido la readmisi\u00f3n de este delegado, al que felicitan, ya que es un trabajador incansable por los derechos de la clase trabajadora, as\u00ed como felicitan a las personas que dentro y fuera de la empresa han apoyado est\u00e1 din\u00e1mica.<\/p>\n\n\n\n<p>Tras esta sentencia, LAB se reafirma en la necesidad de fortalecer y organizar, no solo a la plantilla de Saltoki Logistika Araba, sino a toda la plantilla que el grupo Saltoki tiene en todos sus centros de trabajo en Euskal Herria. Solamente desde la organizaci\u00f3n y la lucha se conseguir\u00e1n unas condiciones laborales dignas para toda la plantilla.<\/p>\n","protected":false},"excerpt":{"rendered":"<p>Tras conocerse la sentencia del Juzgado de lo Social de Gasteiz en la que se reconoce la improcedencia del despido, dicha persona podr\u00e1 volver a trabajar y a realizar sus labores como delegado de personal en la empresa.<\/p>\n","protected":false},"author":1191,"featured_media":57043,"comment_status":"closed","ping_status":"closed","sticky":false,"template":"","format":"standard","meta":{"_monsterinsights_skip_tracking":false,"_monsterinsights_sitenote_active":false,"_monsterinsights_sitenote_note":"","_monsterinsights_sitenote_category":0,"footnotes":"","_links_to":"","_links_to_target":""},"categories":[18,2867,8],"tags":[3033,3179],"class_list":{"0":"post-57902","1":"post","2":"type-post","3":"status-publish","4":"format-standard","5":"has-post-thumbnail","7":"category-es-accion-sindical","8":"category-federaciones","9":"category-es-servicios-privados","10":"tag-accion-sindical-es","11":"tag-destacado-2"},"_links":{"self":[{"href":"https:\/\/www.lab.eus\/es\/wp-json\/wp\/v2\/posts\/57902","targetHints":{"allow":["GET"]}}],"collection":[{"href":"https:\/\/www.lab.eus\/es\/wp-json\/wp\/v2\/posts"}],"about":[{"href":"https:\/\/www.lab.eus\/es\/wp-json\/wp\/v2\/types\/post"}],"author":[{"embeddable":true,"href":"https:\/\/www.lab.eus\/es\/wp-json\/wp\/v2\/users\/1191"}],"replies":[{"embeddable":true,"href":"https:\/\/www.lab.eus\/es\/wp-json\/wp\/v2\/comments?post=57902"}],"version-history":[{"count":0,"href":"https:\/\/www.lab.eus\/es\/wp-json\/wp\/v2\/posts\/57902\/revisions"}],"wp:featuredmedia":[{"embeddable":true,"href":"https:\/\/www.lab.eus\/es\/wp-json\/wp\/v2\/media\/57043"}],"wp:attachment":[{"href":"https:\/\/www.lab.eus\/es\/wp-json\/wp\/v2\/media?parent=57902"}],"wp:term":[{"taxonomy":"category","embeddable":true,"href":"https:\/\/www.lab.eus\/es\/wp-json\/wp\/v2\/categories?post=57902"},{"taxonomy":"post_tag","embeddable":true,"href":"https:\/\/www.lab.eus\/es\/wp-json\/wp\/v2\/tags?post=57902"}],"curies":[{"name":"wp","href":"https:\/\/api.w.org\/{rel}","templated":true}]}}