{"id":57895,"date":"2023-05-05T09:50:57","date_gmt":"2023-05-05T09:50:57","guid":{"rendered":"https:\/\/www.lab.eus\/?p=57895"},"modified":"2023-05-05T09:50:58","modified_gmt":"2023-05-05T09:50:58","slug":"el-colectivo-gora-garbitzaileak-corta-la-entrada-de-san-mames-en-bilbao-en-defensa-de-la-homologacion-en-limpieza-de-osakidetza","status":"publish","type":"post","link":"https:\/\/www.lab.eus\/es\/el-colectivo-gora-garbitzaileak-corta-la-entrada-de-san-mames-en-bilbao-en-defensa-de-la-homologacion-en-limpieza-de-osakidetza\/","title":{"rendered":"El colectivo Gora Garbitzaileak corta la entrada de San Mam\u00e9s en Bilbao en defensa de la homologaci\u00f3n en limpieza de Osakidetza"},"content":{"rendered":"\n<p>Otras compa\u00f1eras de otros sectores se han unido a la acci\u00f3n para mostrar su solidaridad y unirse a la lucha de las trabajadoras que se encuentran en huelga. La protesta se ha prolongado a lo largo de 30 minutos.<\/p>\n\n\n\n<p>La primavera pasada, las trabajadoras de limpieza de Osakidetza participaron en la din\u00e1mica de Gora Garbitzaileak para conseguir un convenio digno de limpieza de Edificios y Locales de Bizkaia, aunque dicho convenio no les afectara directamente. Pues bien, hoy han tenido a su lado a las compa\u00f1eras de aquella lucha, tanto trabajadoras de limpieza como de otros sectores.<\/p>\n\n\n\n<p>El personal de limpieza de Osakidetza lleva 5 a\u00f1os sin convenio. Aunque pensaban que la homologaci\u00f3n aprobada por Osakidetza, las empresas y la parte social ser\u00eda f\u00e1cil de negociar, han tenido que acudir a la huelga, ya que tanto las empresas como Osakidetza han decidido romper dicho principio de homologaci\u00f3n, lo cual no est\u00e1n dispuestas a aceptar. Hoy han querido mostrar su disposici\u00f3n para continuar luchando y cosiendo pasamonta\u00f1as, ya que ser\u00e1n cada vez m\u00e1s.<\/p>\n\n\n\n<p>Gora Garbitzaileak es una din\u00e1mica apoyada por el sindicato LAB que pretende extender la herramienta, la pr\u00e1ctica y las victorias a toda la clase trabajadora.<\/p>\n\n\n\n<p><strong>Solidaridad entre trabajadoras<\/strong><\/p>\n\n\n\n<p>Compa\u00f1eras del sector comercio tambi\u00e9n se han acercado a dar su apoyo, y han querido recalcar que el trabajo de las limpiadoras de Osakidetza es fundamental. \u201cEn la lucha de los convenios de textil, comercio general y piel y calzado las compa\u00f1eras de limpieza est\u00e1n y han estado apoy\u00e1ndonos en diferentes movilizaciones y ahora aqu\u00ed estamos nosotras\u201d, explican.<\/p>\n\n\n\n<figure class=\"wp-block-gallery columns-3 is-cropped wp-block-gallery-1 is-layout-flex wp-block-gallery-is-layout-flex\"><ul class=\"blocks-gallery-grid\"><li class=\"blocks-gallery-item\"><figure><img loading=\"lazy\" decoding=\"async\" width=\"1024\" height=\"473\" src=\"https:\/\/www.lab.eus\/wp-content\/uploads\/2023\/05\/photo1683279681-1024x473.jpeg\" alt=\"\" data-id=\"57891\" data-full-url=\"https:\/\/www.lab.eus\/wp-content\/uploads\/2023\/05\/photo1683279681.jpeg\" data-link=\"https:\/\/www.lab.eus\/es\/photo1683279681-2\/\" class=\"wp-image-57891\" srcset=\"https:\/\/www.lab.eus\/wp-content\/uploads\/2023\/05\/photo1683279681-1024x473.jpeg 1024w, https:\/\/www.lab.eus\/wp-content\/uploads\/2023\/05\/photo1683279681-300x139.jpeg 300w, https:\/\/www.lab.eus\/wp-content\/uploads\/2023\/05\/photo1683279681-768x355.jpeg 768w, https:\/\/www.lab.eus\/wp-content\/uploads\/2023\/05\/photo1683279681-150x69.jpeg 150w, https:\/\/www.lab.eus\/wp-content\/uploads\/2023\/05\/photo1683279681-696x321.jpeg 696w, https:\/\/www.lab.eus\/wp-content\/uploads\/2023\/05\/photo1683279681-1068x493.jpeg 1068w, https:\/\/www.lab.eus\/wp-content\/uploads\/2023\/05\/photo1683279681-910x420.jpeg 910w, https:\/\/www.lab.eus\/wp-content\/uploads\/2023\/05\/photo1683279681.jpeg 1280w\" sizes=\"auto, (max-width: 1024px) 100vw, 1024px\" \/><\/figure><\/li><li class=\"blocks-gallery-item\"><figure><img loading=\"lazy\" decoding=\"async\" width=\"1024\" height=\"473\" src=\"https:\/\/www.lab.eus\/wp-content\/uploads\/2023\/05\/photo1683276244-1024x473.jpeg\" alt=\"\" data-id=\"57889\" data-full-url=\"https:\/\/www.lab.eus\/wp-content\/uploads\/2023\/05\/photo1683276244.jpeg\" data-link=\"https:\/\/www.lab.eus\/es\/photo1683276244-2\/\" class=\"wp-image-57889\" srcset=\"https:\/\/www.lab.eus\/wp-content\/uploads\/2023\/05\/photo1683276244-1024x473.jpeg 1024w, https:\/\/www.lab.eus\/wp-content\/uploads\/2023\/05\/photo1683276244-300x139.jpeg 300w, https:\/\/www.lab.eus\/wp-content\/uploads\/2023\/05\/photo1683276244-768x355.jpeg 768w, https:\/\/www.lab.eus\/wp-content\/uploads\/2023\/05\/photo1683276244-150x69.jpeg 150w, https:\/\/www.lab.eus\/wp-content\/uploads\/2023\/05\/photo1683276244-696x321.jpeg 696w, https:\/\/www.lab.eus\/wp-content\/uploads\/2023\/05\/photo1683276244-1068x493.jpeg 1068w, https:\/\/www.lab.eus\/wp-content\/uploads\/2023\/05\/photo1683276244-910x420.jpeg 910w, https:\/\/www.lab.eus\/wp-content\/uploads\/2023\/05\/photo1683276244.jpeg 1280w\" sizes=\"auto, (max-width: 1024px) 100vw, 1024px\" \/><\/figure><\/li><li class=\"blocks-gallery-item\"><figure><img loading=\"lazy\" decoding=\"async\" width=\"1024\" height=\"473\" src=\"https:\/\/www.lab.eus\/wp-content\/uploads\/2023\/05\/photo1683276026-1024x473.jpeg\" alt=\"\" data-id=\"57887\" data-full-url=\"https:\/\/www.lab.eus\/wp-content\/uploads\/2023\/05\/photo1683276026.jpeg\" data-link=\"https:\/\/www.lab.eus\/es\/photo1683276026-2\/\" class=\"wp-image-57887\" srcset=\"https:\/\/www.lab.eus\/wp-content\/uploads\/2023\/05\/photo1683276026-1024x473.jpeg 1024w, https:\/\/www.lab.eus\/wp-content\/uploads\/2023\/05\/photo1683276026-300x139.jpeg 300w, https:\/\/www.lab.eus\/wp-content\/uploads\/2023\/05\/photo1683276026-768x355.jpeg 768w, https:\/\/www.lab.eus\/wp-content\/uploads\/2023\/05\/photo1683276026-150x69.jpeg 150w, https:\/\/www.lab.eus\/wp-content\/uploads\/2023\/05\/photo1683276026-696x321.jpeg 696w, https:\/\/www.lab.eus\/wp-content\/uploads\/2023\/05\/photo1683276026-1068x493.jpeg 1068w, https:\/\/www.lab.eus\/wp-content\/uploads\/2023\/05\/photo1683276026-910x420.jpeg 910w, https:\/\/www.lab.eus\/wp-content\/uploads\/2023\/05\/photo1683276026.jpeg 1280w\" sizes=\"auto, (max-width: 1024px) 100vw, 1024px\" \/><\/figure><\/li><\/ul><\/figure>\n","protected":false},"excerpt":{"rendered":"<p>Otras compa\u00f1eras de otros sectores se han unido a la acci\u00f3n para mostrar su solidaridad y unirse a la lucha de las trabajadoras que se encuentran en huelga. La protesta se ha prolongado a lo largo de 30 minutos.<\/p>\n","protected":false},"author":1191,"featured_media":57893,"comment_status":"closed","ping_status":"closed","sticky":false,"template":"","format":"standard","meta":{"_monsterinsights_skip_tracking":false,"_monsterinsights_sitenote_active":false,"_monsterinsights_sitenote_note":"","_monsterinsights_sitenote_category":0,"footnotes":"","_links_to":"","_links_to_target":""},"categories":[18,2867,2944,8],"tags":[3033,3178,3514,3079,3708,3172],"class_list":{"0":"post-57895","1":"post","2":"type-post","3":"status-publish","4":"format-standard","5":"has-post-thumbnail","7":"category-es-accion-sindical","8":"category-federaciones","9":"category-limpieza","10":"category-es-servicios-privados","11":"tag-accion-sindical-es","12":"tag-destacado-1","13":"tag-gora-garbitzaileak","14":"tag-limpieza","15":"tag-limpieza-de-osakidetza","16":"tag-servicios-privados-es"},"_links":{"self":[{"href":"https:\/\/www.lab.eus\/es\/wp-json\/wp\/v2\/posts\/57895","targetHints":{"allow":["GET"]}}],"collection":[{"href":"https:\/\/www.lab.eus\/es\/wp-json\/wp\/v2\/posts"}],"about":[{"href":"https:\/\/www.lab.eus\/es\/wp-json\/wp\/v2\/types\/post"}],"author":[{"embeddable":true,"href":"https:\/\/www.lab.eus\/es\/wp-json\/wp\/v2\/users\/1191"}],"replies":[{"embeddable":true,"href":"https:\/\/www.lab.eus\/es\/wp-json\/wp\/v2\/comments?post=57895"}],"version-history":[{"count":0,"href":"https:\/\/www.lab.eus\/es\/wp-json\/wp\/v2\/posts\/57895\/revisions"}],"wp:featuredmedia":[{"embeddable":true,"href":"https:\/\/www.lab.eus\/es\/wp-json\/wp\/v2\/media\/57893"}],"wp:attachment":[{"href":"https:\/\/www.lab.eus\/es\/wp-json\/wp\/v2\/media?parent=57895"}],"wp:term":[{"taxonomy":"category","embeddable":true,"href":"https:\/\/www.lab.eus\/es\/wp-json\/wp\/v2\/categories?post=57895"},{"taxonomy":"post_tag","embeddable":true,"href":"https:\/\/www.lab.eus\/es\/wp-json\/wp\/v2\/tags?post=57895"}],"curies":[{"name":"wp","href":"https:\/\/api.w.org\/{rel}","templated":true}]}}