{"id":57807,"date":"2023-05-03T14:03:05","date_gmt":"2023-05-03T14:03:05","guid":{"rendered":"https:\/\/www.lab.eus\/?p=57807"},"modified":"2023-05-03T14:03:07","modified_gmt":"2023-05-03T14:03:07","slug":"la-manera-en-la-que-osakidetza-maltrata-a-su-plantilla-es-insultante","status":"publish","type":"post","link":"https:\/\/www.lab.eus\/es\/la-manera-en-la-que-osakidetza-maltrata-a-su-plantilla-es-insultante\/","title":{"rendered":"La manera en la que Osakidetza maltrata a su plantilla es insultante"},"content":{"rendered":"\n<p>La direcci\u00f3n de Osakidetza ha publicado las fechas de los ex\u00e1menes de la OPE 2020-2021-2022 y de estabilizaci\u00f3n. Esta elecci\u00f3n de fechas, fruto de la falta de previsi\u00f3n y respeto y de la nefasta gesti\u00f3n de todos los procesos que realiza la actual direcci\u00f3n, supondr\u00e1 que m\u00faltiples pruebas se realicen a lo largo de todo el mes de julio. As\u00ed, miles de personas dispondr\u00e1n \u00fanicamente de dos meses para preparar las pruebas selectivas.<\/p>\n\n\n\n<p>A la direcci\u00f3n de Osakidetza no le parece suficiente desprop\u00f3sito convocar una OPE sin tener los resultados de la anterior. Que Sagardui plantee como suficiente la posible publicaci\u00f3n de resultados provisionales es otro insulto a la plantilla, porque se necesitan certezas para tomar decisiones tan trascendentes como presentarse a una OPE o no por tener plaza. Las listas provisionales pueden ser objeto de recursos y no arreglan nada.<\/p>\n\n\n\n<p>Volvemos a estar ante un anuncio propagand\u00edstico que agrava la situaci\u00f3n de desprecio permanente a la que se somete a la plantilla y ciudadan\u00eda.<\/p>\n\n\n\n<p>Osakidetza exige a la plantilla planificar sus vacaciones antes de terminar el mes de abril. Ahora, tras obligar a su plantilla a planificar sus vacaciones, publica fechas de ex\u00e1menes que ponen en juego las vacaciones de miles de personas, incluyendo vuelos y reservas comprometidas. En definitiva, est\u00e1n poniendo en riesgo el periodo vacacional del que disponemos para olvidar la pesadilla a la que nos somete todos los d\u00edas la direcci\u00f3n en los centros de trabajo, a la vez que dinamitan cualquier posibilidad de conciliar el trabajo y la vida personal de quienes se someten a una OPE como \u00e9sta.<\/p>\n\n\n\n<p>Si la anterior OPE fue la de las filtraciones, sin descartarlas en la actual, \u00e9sta ya se est\u00e1 significando como la del caos.<\/p>\n\n\n\n<p>Es intolerable la actitud de desprecio y de descarga de toda la ineptitud de la direcci\u00f3n sobre las espaldas de la plantilla y la sociedad que quiere acceder al empleo en Osakidetza. Cada d\u00eda que pasa, las huelgas convocadas en mayo est\u00e1n mas justificadas y evidencian la falta de alternativas en las relaciones laborales con una direcci\u00f3n que arremete siempre que puede contra las personas que prestamos nuestros servicios en Osakidetza.<\/p>\n","protected":false},"excerpt":{"rendered":"<p>La direcci\u00f3n de Osakidetza ha publicado las fechas de los ex\u00e1menes de la OPE 2020-2021-2022 y de estabilizaci\u00f3n. Esta elecci\u00f3n de fechas, fruto de la falta de previsi\u00f3n y respeto y de la nefasta gesti\u00f3n de todos los procesos que realiza la actual direcci\u00f3n, supondr\u00e1 que m\u00faltiples pruebas se realicen a lo largo de todo el mes de julio. As\u00ed, miles de personas dispondr\u00e1n \u00fanicamente de dos meses para preparar las pruebas selectivas.<\/p>\n","protected":false},"author":1191,"featured_media":57805,"comment_status":"closed","ping_status":"closed","sticky":false,"template":"","format":"standard","meta":{"_monsterinsights_skip_tracking":false,"_monsterinsights_sitenote_active":false,"_monsterinsights_sitenote_note":"","_monsterinsights_sitenote_category":0,"footnotes":"","_links_to":"","_links_to_target":""},"categories":[18,2867,3097,6],"tags":[3033,3178,3891,3195,3171],"class_list":{"0":"post-57807","1":"post","2":"type-post","3":"status-publish","4":"format-standard","5":"has-post-thumbnail","7":"category-es-accion-sindical","8":"category-federaciones","9":"category-sanidad","10":"category-es-servicios-publicos","11":"tag-accion-sindical-es","12":"tag-destacado-1","13":"tag-ope-de-osakidetza","14":"tag-osakidetza-es","15":"tag-servicios-publicos-es"},"_links":{"self":[{"href":"https:\/\/www.lab.eus\/es\/wp-json\/wp\/v2\/posts\/57807","targetHints":{"allow":["GET"]}}],"collection":[{"href":"https:\/\/www.lab.eus\/es\/wp-json\/wp\/v2\/posts"}],"about":[{"href":"https:\/\/www.lab.eus\/es\/wp-json\/wp\/v2\/types\/post"}],"author":[{"embeddable":true,"href":"https:\/\/www.lab.eus\/es\/wp-json\/wp\/v2\/users\/1191"}],"replies":[{"embeddable":true,"href":"https:\/\/www.lab.eus\/es\/wp-json\/wp\/v2\/comments?post=57807"}],"version-history":[{"count":0,"href":"https:\/\/www.lab.eus\/es\/wp-json\/wp\/v2\/posts\/57807\/revisions"}],"wp:featuredmedia":[{"embeddable":true,"href":"https:\/\/www.lab.eus\/es\/wp-json\/wp\/v2\/media\/57805"}],"wp:attachment":[{"href":"https:\/\/www.lab.eus\/es\/wp-json\/wp\/v2\/media?parent=57807"}],"wp:term":[{"taxonomy":"category","embeddable":true,"href":"https:\/\/www.lab.eus\/es\/wp-json\/wp\/v2\/categories?post=57807"},{"taxonomy":"post_tag","embeddable":true,"href":"https:\/\/www.lab.eus\/es\/wp-json\/wp\/v2\/tags?post=57807"}],"curies":[{"name":"wp","href":"https:\/\/api.w.org\/{rel}","templated":true}]}}