{"id":57797,"date":"2023-05-03T13:00:26","date_gmt":"2023-05-03T13:00:26","guid":{"rendered":"https:\/\/www.lab.eus\/?p=57797"},"modified":"2023-05-03T13:00:58","modified_gmt":"2023-05-03T13:00:58","slug":"el-convenio-de-ayuda-a-domicilio-de-araba-no-hace-mas-que-ahondar-en-la-precarizacion-del-sector","status":"publish","type":"post","link":"https:\/\/www.lab.eus\/es\/el-convenio-de-ayuda-a-domicilio-de-araba-no-hace-mas-que-ahondar-en-la-precarizacion-del-sector\/","title":{"rendered":"El convenio de ayuda a domicilio de Araba  no hace m\u00e1s que ahondar en la precarizaci\u00f3n del sector"},"content":{"rendered":"\n<p>Hoy se ha publicado en el BOTHA el convenio de eficacia limitada del servicio de ayuda a domicilio de Araba firmado el pasado mes de marzo por CCOO y la patronal AESAD. LAB tacha a las partes firmantes de irresponsables.<\/p>\n\n\n\n<p>Hemos querido denunciar la gravedad de la firma de un acuerdo de eficacia limitada. CCOO ha cerrado con la patronal un acuerdo que no asegura el IPC durante la vigencia del convenio. Es grav\u00edsimo que el mencionado sindicato avale un acuerdo cuya subida salarial no garantice el poder adquisitivo de las trabajadoras del sector. Para LAB esta firma es un ataque a las trabajadoras del servicio de ayuda a domicilio en Araba, y responsabiliza a Comisiones Obreras del empobrecimiento y precarizaci\u00f3n de las trabajadoras del sector.<\/p>\n\n\n\n<p>El acuerdo, adem\u00e1s de no garantizar el poder adquisitivo, no recoge ning\u00fan tipo de reducci\u00f3n de jornada m\u00e1xima anual durante los 5 a\u00f1os de vigencia del convenio, as\u00ed como ning\u00fan otro aspecto social sustancial que mejore las condiciones laborales y por tanto de vida de las que las trabajadoras del sector.<\/p>\n\n\n\n<p>Por \u00faltimo, manifestamos una vez m\u00e1s que seguiremos defendiendo que las trabajadoras del servicio de ayuda a domicilio son trabajadoras p\u00fablicas, por lo que instamos a todas las trabajadoras del sector a mantenerse activas en el camino iniciado por este sindicato contra la privatizaci\u00f3n de las tareas de cuidados y en la defensa de la publificaci\u00f3n de todos los servicios sociales, as\u00ed como de cuidados.<\/p>\n","protected":false},"excerpt":{"rendered":"<p>Hoy se ha publicado en el BOTHA el convenio de eficacia limitada del servicio de ayuda a domicilio de Araba firmado el pasado mes de marzo por CCOO y la patronal AESAD. LAB tacha a las partes firmantes de irresponsables.<\/p>\n","protected":false},"author":1191,"featured_media":30719,"comment_status":"closed","ping_status":"closed","sticky":false,"template":"","format":"standard","meta":{"_monsterinsights_skip_tracking":false,"_monsterinsights_sitenote_active":false,"_monsterinsights_sitenote_note":"","_monsterinsights_sitenote_category":0,"footnotes":"","_links_to":"","_links_to_target":""},"categories":[18,2867,6],"tags":[3890,3178],"class_list":{"0":"post-57797","1":"post","2":"type-post","3":"status-publish","4":"format-standard","5":"has-post-thumbnail","7":"category-es-accion-sindical","8":"category-federaciones","9":"category-es-servicios-publicos","10":"tag-ayuda-a-domicilio","11":"tag-destacado-1"},"_links":{"self":[{"href":"https:\/\/www.lab.eus\/es\/wp-json\/wp\/v2\/posts\/57797","targetHints":{"allow":["GET"]}}],"collection":[{"href":"https:\/\/www.lab.eus\/es\/wp-json\/wp\/v2\/posts"}],"about":[{"href":"https:\/\/www.lab.eus\/es\/wp-json\/wp\/v2\/types\/post"}],"author":[{"embeddable":true,"href":"https:\/\/www.lab.eus\/es\/wp-json\/wp\/v2\/users\/1191"}],"replies":[{"embeddable":true,"href":"https:\/\/www.lab.eus\/es\/wp-json\/wp\/v2\/comments?post=57797"}],"version-history":[{"count":0,"href":"https:\/\/www.lab.eus\/es\/wp-json\/wp\/v2\/posts\/57797\/revisions"}],"wp:featuredmedia":[{"embeddable":true,"href":"https:\/\/www.lab.eus\/es\/wp-json\/wp\/v2\/media\/30719"}],"wp:attachment":[{"href":"https:\/\/www.lab.eus\/es\/wp-json\/wp\/v2\/media?parent=57797"}],"wp:term":[{"taxonomy":"category","embeddable":true,"href":"https:\/\/www.lab.eus\/es\/wp-json\/wp\/v2\/categories?post=57797"},{"taxonomy":"post_tag","embeddable":true,"href":"https:\/\/www.lab.eus\/es\/wp-json\/wp\/v2\/tags?post=57797"}],"curies":[{"name":"wp","href":"https:\/\/api.w.org\/{rel}","templated":true}]}}