{"id":56787,"date":"2023-04-19T11:07:06","date_gmt":"2023-04-19T11:07:06","guid":{"rendered":"https:\/\/www.lab.eus\/?p=56787"},"modified":"2023-04-28T09:26:26","modified_gmt":"2023-04-28T09:26:26","slug":"lab-reivindicara-un-cambio-radical-el-primero-de-mayo","status":"publish","type":"post","link":"https:\/\/www.lab.eus\/es\/lab-reivindicara-un-cambio-radical-el-primero-de-mayo\/","title":{"rendered":"Reivindicaremos un cambio radical el Primero de Mayo"},"content":{"rendered":"\n<p>La crisis que vivimos es estructural y no hace m\u00e1s que dificultar la vida de los trabajadores y las trabajadoras mientras el capital sigue acumulando riqueza. Por todo ello, LAB llevar\u00e1 a cabo ocho movilizaciones por toda Euskal Herria el Primero de Mayo, con el objetivo de se\u00f1alar a los responsables y trasladar la necesidad de un cambio radical. La coordinadora general, Garbi\u00f1e Aranburu, y la responsable de comunicaci\u00f3n, Maider Jauregi, han presentado la lectura y la imagen para la cita de este a\u00f1o.<\/p>\n\n\n\n<figure class=\"wp-block-gallery columns-2 is-cropped wp-block-gallery-1 is-layout-flex wp-block-gallery-is-layout-flex\"><ul class=\"blocks-gallery-grid\"><li class=\"blocks-gallery-item\"><figure><img loading=\"lazy\" decoding=\"async\" width=\"1024\" height=\"768\" src=\"https:\/\/www.lab.eus\/wp-content\/uploads\/2023\/04\/photo_5909222521205537540_y-1-1024x768.jpg\" alt=\"\" data-id=\"56782\" data-full-url=\"https:\/\/www.lab.eus\/wp-content\/uploads\/2023\/04\/photo_5909222521205537540_y-1.jpg\" data-link=\"https:\/\/www.lab.eus\/egiteko-beste-mundu-bat-aldarrikatuko-dugu-maiatzaren-lehenean\/photo_5909222521205537540_y-1\/\" class=\"wp-image-56782\" srcset=\"https:\/\/www.lab.eus\/wp-content\/uploads\/2023\/04\/photo_5909222521205537540_y-1-1024x768.jpg 1024w, https:\/\/www.lab.eus\/wp-content\/uploads\/2023\/04\/photo_5909222521205537540_y-1-300x225.jpg 300w, https:\/\/www.lab.eus\/wp-content\/uploads\/2023\/04\/photo_5909222521205537540_y-1-768x576.jpg 768w, https:\/\/www.lab.eus\/wp-content\/uploads\/2023\/04\/photo_5909222521205537540_y-1-150x113.jpg 150w, https:\/\/www.lab.eus\/wp-content\/uploads\/2023\/04\/photo_5909222521205537540_y-1-696x522.jpg 696w, https:\/\/www.lab.eus\/wp-content\/uploads\/2023\/04\/photo_5909222521205537540_y-1-1068x801.jpg 1068w, https:\/\/www.lab.eus\/wp-content\/uploads\/2023\/04\/photo_5909222521205537540_y-1-560x420.jpg 560w, https:\/\/www.lab.eus\/wp-content\/uploads\/2023\/04\/photo_5909222521205537540_y-1-80x60.jpg 80w, https:\/\/www.lab.eus\/wp-content\/uploads\/2023\/04\/photo_5909222521205537540_y-1-265x198.jpg 265w, https:\/\/www.lab.eus\/wp-content\/uploads\/2023\/04\/photo_5909222521205537540_y-1.jpg 1280w\" sizes=\"auto, (max-width: 1024px) 100vw, 1024px\" \/><\/figure><\/li><li class=\"blocks-gallery-item\"><figure><img loading=\"lazy\" decoding=\"async\" width=\"1024\" height=\"768\" src=\"https:\/\/www.lab.eus\/wp-content\/uploads\/2023\/04\/photo_5909222521205537541_y-1024x768.jpg\" alt=\"\" data-id=\"56784\" data-full-url=\"https:\/\/www.lab.eus\/wp-content\/uploads\/2023\/04\/photo_5909222521205537541_y.jpg\" data-link=\"https:\/\/www.lab.eus\/egiteko-beste-mundu-bat-aldarrikatuko-dugu-maiatzaren-lehenean\/photo_5909222521205537541_y\/\" class=\"wp-image-56784\" srcset=\"https:\/\/www.lab.eus\/wp-content\/uploads\/2023\/04\/photo_5909222521205537541_y-1024x768.jpg 1024w, https:\/\/www.lab.eus\/wp-content\/uploads\/2023\/04\/photo_5909222521205537541_y-300x225.jpg 300w, https:\/\/www.lab.eus\/wp-content\/uploads\/2023\/04\/photo_5909222521205537541_y-768x576.jpg 768w, https:\/\/www.lab.eus\/wp-content\/uploads\/2023\/04\/photo_5909222521205537541_y-150x113.jpg 150w, https:\/\/www.lab.eus\/wp-content\/uploads\/2023\/04\/photo_5909222521205537541_y-696x522.jpg 696w, https:\/\/www.lab.eus\/wp-content\/uploads\/2023\/04\/photo_5909222521205537541_y-1068x801.jpg 1068w, https:\/\/www.lab.eus\/wp-content\/uploads\/2023\/04\/photo_5909222521205537541_y-560x420.jpg 560w, https:\/\/www.lab.eus\/wp-content\/uploads\/2023\/04\/photo_5909222521205537541_y-80x60.jpg 80w, https:\/\/www.lab.eus\/wp-content\/uploads\/2023\/04\/photo_5909222521205537541_y-265x198.jpg 265w, https:\/\/www.lab.eus\/wp-content\/uploads\/2023\/04\/photo_5909222521205537541_y.jpg 1280w\" sizes=\"auto, (max-width: 1024px) 100vw, 1024px\" \/><\/figure><\/li><\/ul><\/figure>\n\n\n\n<p>Ipar Hegoa, la fundaci\u00f3n de estudios sindicales de LAB, ha publicado el an\u00e1lisis de la situaci\u00f3n socioecon\u00f3mica de Hego Euskal Herria, <a href=\"https:\/\/www.lab.eus\/es\/el-informe-ikusmiran-concluye-que-lejos-de-buscar-soluciones-a-los-problemas-estructurales-existe-una-continuacion-del-modelo-que-conlleva-encadenar-crisis\/\">el informe n\u00ba13 de Ikusmiran<\/a>, que refuerza las razones para llenar las calles el Primero de Mayo.<\/p>\n\n\n\n<p>Analizar la evoluci\u00f3n del PIB para medir la situaci\u00f3n socioecon\u00f3mica y la salud econ\u00f3mica de un pa\u00eds no es suficiente, ya que es un indicador que interesa al capital y responde a los intereses de las grandes empresas. No tiene en cuenta a todos los trabajos, no analiza c\u00f3mo se distribuye la riqueza que se genera y no analiza la huella ecol\u00f3gica que ha supuesto producirla.<\/p>\n\n\n\n<p>Ikusmiran analiza la econom\u00eda desde otra perspectiva, centr\u00e1ndose en cuatro variables que inciden directamente en las condiciones de trabajo y de vida de la clase trabajadora : la evoluci\u00f3n del tejido econ\u00f3mico y del mercado de trabajo, la pol\u00edtica fiscal y el impacto medioambiental del modelo productivo.<\/p>\n\n\n\n<p>El an\u00e1lisis ha dejado cuatro conclusiones principales:<\/p>\n\n\n\n<p><strong>1. Se mantiene la tendencia de debilitar el tejido econ\u00f3mico.<\/strong> El declive del sector industrial es persistente y la econom\u00eda basada en los servicios est\u00e1 creciendo. Es cierto que el peso de la industria ha aumentado en el PIB en los \u00faltimos a\u00f1os, pero se ha debido a los beneficios de las grandes empresas energ\u00e9ticas. Esto no significa que la salud de la industria haya mejorado.<\/p>\n\n\n\n<p><strong>2. La divisi\u00f3n entre el trabajo reproductivo y el productivo permanece intacta.<\/strong> Las condiciones salariales y laborales de los y las trabajadoras en el mercado laboral regulado est\u00e1n empeorando. Los precios de los productos y alimentos b\u00e1sicos siguen subiendo y los y las trabajadoras est\u00e1n perdiendo poder adquisitivo.<\/p>\n\n\n\n<p><strong>3. No hay pol\u00edticas para la redistribuci\u00f3n de la riqueza que se genera.<\/strong> La pol\u00edtica fiscal de Euskal Herria busca mantener los beneficios de las empresas. En nuestro pa\u00eds se genera m\u00e1s riqueza que la media de la Uni\u00f3n Europea, pero se reparte peor que en otros pa\u00edses, aumentando la brecha entre capital y rentas, debido a que la presi\u00f3n fiscal de Hego Euskal Herria (30,2%) se sit\u00faa muy por debajo de la media europea (40,6%).<\/p>\n\n\n\n<p>La negativa a recaudar m\u00e1s y el inadecuado reparto de lo que se recauda limita la posibilidad de desarrollar unos servicios p\u00fablicos dignos, ya sea en sanidad, en vivienda o en cuidados.<\/p>\n\n\n\n<p><strong>4. El modelo de producci\u00f3n y consumo genera efectos negativos e insostenibles. <\/strong>Todas las alarmas de emergencia clim\u00e1tica est\u00e1n encendidas y no se desarrollan pol\u00edticas p\u00fablicas para reducir las emisiones de Gases de Efecto Invernadero. Tras analizar la energ\u00eda, la industria y el transporte, la evoluci\u00f3n de los \u00faltimos 30 a\u00f1os muestra que apenas hay mejoras. En la CAV s\u00f3lo se han reducido un 0,81% y en Nafarroa un 1,97%.<\/p>\n\n\n\n<p>El an\u00e1lisis Ikusmiran refuerza la cr\u00edtica al sistema que hace LAB: \u201cLa crisis es estructural, est\u00e1 empeorando la calidad de las condiciones de trabajo y de vida de toda la ciudadan\u00eda, est\u00e1 dificultando la vida para los y las trabajadoras, sigue aumentando el n\u00famero de personas en situaci\u00f3n de vulnerabilidad y pobreza. Al mismo tiempo que las y los trabajadores son expropiados, aumentan los beneficios de las empresas energ\u00e9ticas, de los bancos, de las que hacen negocio con los cuidados o de las grandes cadenas de distribuci\u00f3n de alimentos\u201d.<\/p>\n\n\n\n<p>Recuerdan que las crisis se van encadenando una tras otra y que la vida digna se contrapone al actual modelo capitalista cisheteropatriarcal, \u201cpara que el capital que se basa en la sobreproducci\u00f3n y el consumo siga acumulando una riqueza que cada vez va a menos bolsillos\u201d.<\/p>\n\n\n\n<p>Tras la pandemia, en lugar de seguir profundizando en el capitalismo, LAB reivindica la necesidad de un cambio de rumbo de las pol\u00edticas p\u00fablicas, una transici\u00f3n ecosocialista y feminista hacia un modelo econ\u00f3mico y social que ponga la vida en el centro.<\/p>\n\n\n\n<p>Sin embargo, las decisiones pol\u00edticas que se est\u00e1n tomando no favorecen ese cambio de rumbo: \u201cSon insuficientes para dar una respuesta adecuada a la crisis ecosocial que vivimos y se mantiene intacto el modelo de producci\u00f3n y consumo que genera un impacto insostenible\u201d.<\/p>\n\n\n\n<p>El sindicato reivindicamos una transici\u00f3n ecosocialista y feminista. \u201cQueremos impulsar la transformaci\u00f3n a y repartir los cuidados, el trabajo y la riqueza, para hacer la vida m\u00e1s digna de ser vivida\u201d.<\/p>\n\n\n\n<p>El Primero de Mayo LAB saldr\u00e1 a la calle a se\u00f1alar a los responsables de la situaci\u00f3n, a pedir a la patronal y a las instituciones que asuman la responsabilidad que les corresponde. \u201cEs hora de renovar convenios, establecer un salario m\u00ednimo de 1.400 euros, abordar el debate de la reducci\u00f3n de jornada\u201d. Asimismo, subraya la necesidad de mejorar los servicios p\u00fablicos y apostar por un sistema p\u00fablico comunitario de cuidados: \u201cNo hay excusas, tenemos competencias para hacer una pol\u00edtica fiscal diferente y desarrollar unos servicios p\u00fablicos dignos\u201d.<\/p>\n\n\n\n<p>En mayo son elecciones pol\u00edticas y ser\u00e1 el momento de exigir a los partidos pol\u00edticos posiciones claras. Por ello, pedir\u00e1n traer al centro de la agenda pol\u00edtica las reivindicaciones a favor de las trabajadoras y trabajadores.<\/p>\n\n\n\n<p>Seg\u00fan LAB, no hay transformaci\u00f3n sin obligar a la patronal y a las instituciones a ello, a trav\u00e9s de la activaci\u00f3n social. Han venido diciendo que era necesario iniciar un nuevo ciclo de lucha, tanto en los centros de trabajo como en la calle. \u201cLo estamos haciendo, las trabajadoras y trabajadores de Euskal Herria no tenemos intenci\u00f3n de rendirnos, no hemos nacido para sumirnos en la resignaci\u00f3n, estamos demostrando que estamos dispuestas y dispuestos a competir por la riqueza que generamos a trav\u00e9s de nuestro trabajo y el resultado de las luchas sindicales y sociales est\u00e1 siendo fruct\u00edfero\u201d, explican.<\/p>\n\n\n\n<p>En el Primero de Mayo de este a\u00f1o quieren reafirmar el llamamiento a la organizaci\u00f3n y a la lucha, \u201cporque queremos construir otro pa\u00eds, tenemos <em>otro mundo por hacer<\/em>\u201d. Llaman a toda persona que comparta el proyecto de LAB, a todas las trabajadoras y trabajadores a salir a la calle, superando las brechas que el sistema quiere generar entre los y las trabajadoras, \u201cpara que todas las personas, pensionistas, mujeres, j\u00f3venes, migradas y racializadas sintamos que formamos parte de la misma clase trabajadora y llenemos las calles de forma solidaria y conjunta\u201d.<\/p>\n\n\n\n<h2 class=\"wp-block-heading\"><strong>Movilizaciones de LAB del Primero de Mayo<\/strong><\/h2>\n\n\n\n<div class=\"wp-block-image\"><figure class=\"aligncenter size-large is-resized\"><a href=\"https:\/\/www.lab.eus\/2023ko-maiatzaren-lehena\/\"><img loading=\"lazy\" decoding=\"async\" src=\"https:\/\/www.lab.eus\/wp-content\/uploads\/2023\/04\/tokikom-728x90-1.gif\" alt=\"\" class=\"wp-image-56798\" width=\"1066\" height=\"132\"\/><\/a><\/figure><\/div>\n\n\n\n<ul class=\"wp-block-list\"><li><strong>Baiona<\/strong>: A las 10:30 desde la estaci\u00f3n de trenes<\/li><\/ul>\n\n\n\n<ul class=\"wp-block-list\"><li><strong>Bilbo<\/strong>: A las 11:30 desde la plaza Zabalburu<\/li><\/ul>\n\n\n\n<ul class=\"wp-block-list\"><li><strong>Donostia<\/strong>: A las 12:00 desde la Plaza Easo<\/li><\/ul>\n\n\n\n<ul class=\"wp-block-list\"><li><strong>Eibar<\/strong>: A las 12:00 desde la plaza Untzaga<\/li><\/ul>\n\n\n\n<ul class=\"wp-block-list\"><li><strong>Gasteiz<\/strong>: A las 12:00 desde la plaza del 3 de Marzo<\/li><\/ul>\n\n\n\n<ul class=\"wp-block-list\"><li><strong>Iru\u00f1ea<\/strong>: A las 12:00 desde de la Plaza del Castillo<\/li><\/ul>\n\n\n\n<ul class=\"wp-block-list\"><li><strong>Maule<\/strong>: A las 11:00 desde el Ayuntamiento<\/li><\/ul>\n\n\n\n<ul class=\"wp-block-list\"><li><strong>Tutera<\/strong>: A las 12:30 desde la Plaza de los Fueros<\/li><\/ul>\n\n\n\n<div class=\"wp-block-image\"><figure class=\"aligncenter size-large is-resized\"><img loading=\"lazy\" decoding=\"async\" src=\"https:\/\/www.lab.eus\/wp-content\/uploads\/2023\/04\/photo_5909016487329381864_y-723x1024.jpg\" alt=\"\" class=\"wp-image-56779\" width=\"456\" height=\"645\" srcset=\"https:\/\/www.lab.eus\/wp-content\/uploads\/2023\/04\/photo_5909016487329381864_y-723x1024.jpg 723w, https:\/\/www.lab.eus\/wp-content\/uploads\/2023\/04\/photo_5909016487329381864_y-212x300.jpg 212w, https:\/\/www.lab.eus\/wp-content\/uploads\/2023\/04\/photo_5909016487329381864_y-768x1087.jpg 768w, https:\/\/www.lab.eus\/wp-content\/uploads\/2023\/04\/photo_5909016487329381864_y-150x212.jpg 150w, https:\/\/www.lab.eus\/wp-content\/uploads\/2023\/04\/photo_5909016487329381864_y-300x425.jpg 300w, https:\/\/www.lab.eus\/wp-content\/uploads\/2023\/04\/photo_5909016487329381864_y-696x985.jpg 696w, https:\/\/www.lab.eus\/wp-content\/uploads\/2023\/04\/photo_5909016487329381864_y-297x420.jpg 297w, https:\/\/www.lab.eus\/wp-content\/uploads\/2023\/04\/photo_5909016487329381864_y.jpg 904w\" sizes=\"auto, (max-width: 456px) 100vw, 456px\" \/><\/figure><\/div>\n","protected":false},"excerpt":{"rendered":"<p>La crisis que vivimos es estructural y no hace m\u00e1s que dificultar la vida de los trabajadores y las trabajadoras mientras el capital sigue acumulando riqueza. Por todo ello, LAB llevar\u00e1 a cabo ocho movilizaciones por toda Euskal Herria el Primero de Mayo, con el objetivo de se\u00f1alar a los responsables y trasladar la necesidad de un cambio radical. La coordinadora general, Garbi\u00f1e Aranburu, y la responsable de comunicaci\u00f3n, Maider Jauregi, han presentado la lectura y la imagen para la cita de este a\u00f1o.<\/p>\n","protected":false},"author":1191,"featured_media":56810,"comment_status":"closed","ping_status":"closed","sticky":false,"template":"","format":"standard","meta":{"_monsterinsights_skip_tracking":false,"_monsterinsights_sitenote_active":false,"_monsterinsights_sitenote_note":"","_monsterinsights_sitenote_category":0,"footnotes":"","_links_to":"","_links_to_target":""},"categories":[18],"tags":[3033,3180,3854,3279,3508],"class_list":{"0":"post-56787","1":"post","2":"type-post","3":"status-publish","4":"format-standard","5":"has-post-thumbnail","7":"category-es-accion-sindical","8":"tag-accion-sindical-es","9":"tag-destacado-3","10":"tag-m1-2023-2","11":"tag-portada-es","12":"tag-primero-de-mayo"},"_links":{"self":[{"href":"https:\/\/www.lab.eus\/es\/wp-json\/wp\/v2\/posts\/56787","targetHints":{"allow":["GET"]}}],"collection":[{"href":"https:\/\/www.lab.eus\/es\/wp-json\/wp\/v2\/posts"}],"about":[{"href":"https:\/\/www.lab.eus\/es\/wp-json\/wp\/v2\/types\/post"}],"author":[{"embeddable":true,"href":"https:\/\/www.lab.eus\/es\/wp-json\/wp\/v2\/users\/1191"}],"replies":[{"embeddable":true,"href":"https:\/\/www.lab.eus\/es\/wp-json\/wp\/v2\/comments?post=56787"}],"version-history":[{"count":0,"href":"https:\/\/www.lab.eus\/es\/wp-json\/wp\/v2\/posts\/56787\/revisions"}],"wp:featuredmedia":[{"embeddable":true,"href":"https:\/\/www.lab.eus\/es\/wp-json\/wp\/v2\/media\/56810"}],"wp:attachment":[{"href":"https:\/\/www.lab.eus\/es\/wp-json\/wp\/v2\/media?parent=56787"}],"wp:term":[{"taxonomy":"category","embeddable":true,"href":"https:\/\/www.lab.eus\/es\/wp-json\/wp\/v2\/categories?post=56787"},{"taxonomy":"post_tag","embeddable":true,"href":"https:\/\/www.lab.eus\/es\/wp-json\/wp\/v2\/tags?post=56787"}],"curies":[{"name":"wp","href":"https:\/\/api.w.org\/{rel}","templated":true}]}}