{"id":56730,"date":"2023-04-18T11:21:33","date_gmt":"2023-04-18T11:21:33","guid":{"rendered":"https:\/\/www.lab.eus\/?p=56730"},"modified":"2023-04-18T11:32:12","modified_gmt":"2023-04-18T11:32:12","slug":"lab-exigira-que-se-garantice-el-derecho-a-la-vivienda-con-una-mesa-redonda-y-una-concentracion-en-pamplona","status":"publish","type":"post","link":"https:\/\/www.lab.eus\/es\/lab-exigira-que-se-garantice-el-derecho-a-la-vivienda-con-una-mesa-redonda-y-una-concentracion-en-pamplona\/","title":{"rendered":"LAB exigir\u00e1 que se garantice el derecho a la vivienda con una mesa redonda y una concentraci\u00f3n en Iru\u00f1ea"},"content":{"rendered":"\n<p>En estos tiempos en que la mercantilizaci\u00f3n de la vivienda est\u00e1 siendo utilizada para acumular riqueza mediante la especulaci\u00f3n, el sindicato LAB exige garantizar el acceso universal a una vivienda digna y de calidad, imprescindible para dignificar las condiciones b\u00e1sicas de vida de los trabajadores y trabajadoras. En relaci\u00f3n con esta reivindicaci\u00f3n, la comunidad Abiatu del sindicato LAB ha organizado una mesa redonda para el 19 de abril y una concentraci\u00f3n para el 27 de abril, ambos en Iru\u00f1ea.<\/p>\n\n\n\n<p>El capital, para mantener la acumulaci\u00f3n de riqueza, precariza todos los \u00e1mbitos de la vida de los trabajadores y trabajadoras, haciendo cada vez m\u00e1s dif\u00edcil tener unas condiciones de vida dignas y extendiendo el empobrecimiento. La precarizaci\u00f3n contra las y los trabajadores no es exclusiva de los centros de trabajo, por lo que el sindicato LAB est\u00e1 creando nuevas herramientas para avanzar en la lucha por unas condiciones de vida dignas, como es el caso de ABIATU, la comunidad de Acci\u00f3n Social.<\/p>\n\n\n\n<p>Hoy en d\u00eda, el de la vivienda es un \u00e1mbito central de empobrecimiento y precarizaci\u00f3n de los trabajadores y trabajadoras, y por ello tenemos como prioridad la lucha por una vivienda digna y asequible. La vivienda de calidad deber\u00eda ser un derecho, pero hoy se ha convertido en un privilegio.<br><br>M\u00e1s de la mitad de la poblaci\u00f3n de Navarra sigue estando obligada a destinar a gastos de vivienda en alquiler o a trav\u00e9s de hipotecas una parte significativa de sus ingresos. En la actualidad, las unidades de vivienda con menores ingresos en Navarra destinan el 43% de sus gastos a vivienda. Adem\u00e1s, en los \u00faltimos a\u00f1os se han encarecido los alquileres \u2013en el \u00faltimo a\u00f1o se han encarecido las hipotecas de tipo variable m\u00e1s de 300 euros\u2013, mientras que la clase trabajadora est\u00e1 teniendo que luchar para no perder el poder adquisitivo de los salarios y conseguir salarios dignos.<\/p>\n\n\n\n<p>El problema de la vivienda en Pamplona es evidente. En los \u00faltimos a\u00f1os no se han promocionado las viviendas p\u00fablicas, y con los salarios actuales los alquileres del mercado privado no son asequibles a la mayor\u00eda de los trabajadores y trabajadoras. Por tanto, el acceso a la vivienda para desempleadas, j\u00f3venes y trabajadores en general se ha convertido en algo de lujo cuando deber\u00eda ser un derecho fundamental. Sin ir m\u00e1s lejos, en febrero de 2023, en Pamplona, el precio medio del alquiler de vivienda era de 1.031 euros.<\/p>\n\n\n\n<p>Necesitamos pol\u00edticas de desmercantilizaci\u00f3n de la vivienda. La oferta de alquiler social deber\u00eda ser muy superior a la actual. Y la reciente reforma legislativa que viene de Madrid dif\u00edcilmente solucionar\u00e1 el problema si no se mantiene el alquiler social de forma preferente.<\/p>\n\n\n\n<p>Es necesario adoptar medidas para garantizar el derecho a la vivienda, limitar y rebajar el precio de la vivienda, protecci\u00f3n contra los desahucios, medidas contra la especulaci\u00f3n y los fondos buitres, y la ampliaci\u00f3n del parque p\u00fablico de vivienda. En Madrid se est\u00e1 debatiendo la Ley de Vivienda, que en principio deber\u00eda servir para desarrollar la ley navarra y dar nuevos pasos.<\/p>\n\n\n\n<p>Por todo ello, os queremos informar de dos iniciativas que vamos a realizar en los pr\u00f3ximos d\u00edas:<br><br>El <strong>mi\u00e9rcoles 19 de abril<\/strong> a las 19:00 horas, os invitamos a participar en la mesa redonda que hemos organizado en Pamplona, en Geltoki La mesa se centrar\u00e1 en diferentes aspectos del problema de la vivienda, incluida la ley estatal de vivienda, con car\u00e1cter general y pero tambi\u00e9n puesta la atenci\u00f3n en la Comarca de Pamplona.<\/p>\n\n\n\n<p>Intervendr\u00e1n N\u00faria Comerma (Sindicat de Llogaters i Llogateres), Joxe Abaurrea (ex concejal de urbanismo de Pamplona), un miembro de Haritu y Malickgueye Ladiane (trabajador senegal\u00e9s)<br><br>El <strong>jueves 27 de abril<\/strong>, a las 19:00 horas, en la Plaza del Ayuntamiento de Pamplona, se celebrar\u00e1 una concentraci\u00f3n bajo el lema \u201cVuestra riqueza, nuestra miseria. Vivienda digna para todos y todas\u201d.<\/p>\n","protected":false},"excerpt":{"rendered":"<p>En estos tiempos en que la mercantilizaci\u00f3n de la vivienda est\u00e1 siendo utilizada para acumular riqueza mediante la especulaci\u00f3n, el sindicato LAB exige garantizar el acceso universal a una vivienda digna y de calidad, imprescindible para dignificar las condiciones b\u00e1sicas de vida de los trabajadores y trabajadoras. En relaci\u00f3n con esta reivindicaci\u00f3n, la comunidad Abiatu del sindicato LAB ha organizado una mesa redonda para el 19 de abril y una concentraci\u00f3n para el 27 de abril, ambos en Iru\u00f1ea.<\/p>\n","protected":false},"author":1191,"featured_media":56728,"comment_status":"closed","ping_status":"closed","sticky":false,"template":"","format":"standard","meta":{"_monsterinsights_skip_tracking":false,"_monsterinsights_sitenote_active":false,"_monsterinsights_sitenote_note":"","_monsterinsights_sitenote_category":0,"footnotes":"","_links_to":"","_links_to_target":""},"categories":[2994],"tags":[3850,3182,3178],"class_list":{"0":"post-56730","1":"post","2":"type-post","3":"status-publish","4":"format-standard","5":"has-post-thumbnail","7":"category-accion-social","8":"tag-abiatu","9":"tag-accion-social-es","10":"tag-destacado-1"},"_links":{"self":[{"href":"https:\/\/www.lab.eus\/es\/wp-json\/wp\/v2\/posts\/56730","targetHints":{"allow":["GET"]}}],"collection":[{"href":"https:\/\/www.lab.eus\/es\/wp-json\/wp\/v2\/posts"}],"about":[{"href":"https:\/\/www.lab.eus\/es\/wp-json\/wp\/v2\/types\/post"}],"author":[{"embeddable":true,"href":"https:\/\/www.lab.eus\/es\/wp-json\/wp\/v2\/users\/1191"}],"replies":[{"embeddable":true,"href":"https:\/\/www.lab.eus\/es\/wp-json\/wp\/v2\/comments?post=56730"}],"version-history":[{"count":0,"href":"https:\/\/www.lab.eus\/es\/wp-json\/wp\/v2\/posts\/56730\/revisions"}],"wp:featuredmedia":[{"embeddable":true,"href":"https:\/\/www.lab.eus\/es\/wp-json\/wp\/v2\/media\/56728"}],"wp:attachment":[{"href":"https:\/\/www.lab.eus\/es\/wp-json\/wp\/v2\/media?parent=56730"}],"wp:term":[{"taxonomy":"category","embeddable":true,"href":"https:\/\/www.lab.eus\/es\/wp-json\/wp\/v2\/categories?post=56730"},{"taxonomy":"post_tag","embeddable":true,"href":"https:\/\/www.lab.eus\/es\/wp-json\/wp\/v2\/tags?post=56730"}],"curies":[{"name":"wp","href":"https:\/\/api.w.org\/{rel}","templated":true}]}}