{"id":56655,"date":"2023-04-14T10:25:40","date_gmt":"2023-04-14T10:25:40","guid":{"rendered":"https:\/\/www.lab.eus\/?p=56655"},"modified":"2023-04-14T10:25:41","modified_gmt":"2023-04-14T10:25:41","slug":"lab-denuncia-el-acuerdo-de-erte-alcanzado-por-ugt-y-ccoo-con-arcelor","status":"publish","type":"post","link":"https:\/\/www.lab.eus\/es\/lab-denuncia-el-acuerdo-de-erte-alcanzado-por-ugt-y-ccoo-con-arcelor\/","title":{"rendered":"LAB denuncia el acuerdo de ERTE alcanzado por UGT y CCOO con Arcelor"},"content":{"rendered":"\n<p>Una vez m\u00e1s Arcelor vuelve a hacer un uso interesado del ERTE para su propio beneficio.<\/p>\n\n\n\n<p>LAB denuncia de manera contundente el ERTE acordado para el cl\u00faster de Asturias. Por un lado, el problema surgido en el horno de Asturias no hace m\u00e1s que demostrar que lo que hace falta en Arcelor no es aumentar la precariedad sino la inversi\u00f3n, por otro lado, en los \u00faltimos a\u00f1os, Arcelor est\u00e1 obteniendo beneficios r\u00e9cord y por ello tiene capacidad m\u00e1s que suficiente para hacer frente a esta situaci\u00f3n coyuntural sin necesidad de utilizar el ERTE. Y por \u00faltimo, la vigencia de seis mese del ERTE supera de manera significativa el tiempo de reparaci\u00f3n del horno que la misma Arcelor ha transmitido, por lo tanto Arcelor continua haciendo un uso especulativo de los ERTEs.<\/p>\n\n\n\n<p>Teniendo en cuenta todo esto, no entendemos que UGT y CCOO firmasen ese acuerdo, est\u00e1n en un clara estrategia de defensa de los intereses de la empresa en lugar de en defensa de los de la clase trabajadora.<\/p>\n","protected":false},"excerpt":{"rendered":"<p>Una vez m\u00e1s Arcelor vuelve a hacer un uso interesado del ERTE para su propio beneficio.<\/p>\n","protected":false},"author":1191,"featured_media":21174,"comment_status":"closed","ping_status":"closed","sticky":false,"template":"","format":"standard","meta":{"_monsterinsights_skip_tracking":false,"_monsterinsights_sitenote_active":false,"_monsterinsights_sitenote_note":"","_monsterinsights_sitenote_category":0,"footnotes":"","_links_to":"","_links_to_target":""},"categories":[18,2867,2868,108],"tags":[3033,2011,3178,3064],"class_list":{"0":"post-56655","1":"post","2":"type-post","3":"status-publish","4":"format-standard","5":"has-post-thumbnail","7":"category-es-accion-sindical","8":"category-federaciones","9":"category-industria-es","10":"category-es-metal","11":"tag-accion-sindical-es","12":"tag-arcelor-mittal-2","13":"tag-destacado-1","14":"tag-metal-es"},"_links":{"self":[{"href":"https:\/\/www.lab.eus\/es\/wp-json\/wp\/v2\/posts\/56655","targetHints":{"allow":["GET"]}}],"collection":[{"href":"https:\/\/www.lab.eus\/es\/wp-json\/wp\/v2\/posts"}],"about":[{"href":"https:\/\/www.lab.eus\/es\/wp-json\/wp\/v2\/types\/post"}],"author":[{"embeddable":true,"href":"https:\/\/www.lab.eus\/es\/wp-json\/wp\/v2\/users\/1191"}],"replies":[{"embeddable":true,"href":"https:\/\/www.lab.eus\/es\/wp-json\/wp\/v2\/comments?post=56655"}],"version-history":[{"count":0,"href":"https:\/\/www.lab.eus\/es\/wp-json\/wp\/v2\/posts\/56655\/revisions"}],"wp:featuredmedia":[{"embeddable":true,"href":"https:\/\/www.lab.eus\/es\/wp-json\/wp\/v2\/media\/21174"}],"wp:attachment":[{"href":"https:\/\/www.lab.eus\/es\/wp-json\/wp\/v2\/media?parent=56655"}],"wp:term":[{"taxonomy":"category","embeddable":true,"href":"https:\/\/www.lab.eus\/es\/wp-json\/wp\/v2\/categories?post=56655"},{"taxonomy":"post_tag","embeddable":true,"href":"https:\/\/www.lab.eus\/es\/wp-json\/wp\/v2\/tags?post=56655"}],"curies":[{"name":"wp","href":"https:\/\/api.w.org\/{rel}","templated":true}]}}