{"id":56640,"date":"2023-04-14T09:31:32","date_gmt":"2023-04-14T09:31:32","guid":{"rendered":"https:\/\/www.lab.eus\/?p=56640"},"modified":"2023-04-14T10:51:08","modified_gmt":"2023-04-14T10:51:08","slug":"el-informe-ikusmiran-concluye-que-lejos-de-buscar-soluciones-a-los-problemas-estructurales-existe-una-continuacion-del-modelo-que-conlleva-encadenar-crisis","status":"publish","type":"post","link":"https:\/\/www.lab.eus\/es\/el-informe-ikusmiran-concluye-que-lejos-de-buscar-soluciones-a-los-problemas-estructurales-existe-una-continuacion-del-modelo-que-conlleva-encadenar-crisis\/","title":{"rendered":"El informe Ikusmiran concluye que, lejos de buscar soluciones a los problemas estructurales, existe una continuaci\u00f3n del modelo que conlleva encadenar crisis"},"content":{"rendered":"\n<p>Ipar Hegoa, la fundaci\u00f3n de estudios sindicales del sindicato LAB, ha presentado la edici\u00f3n n\u00famero 13 del informe que recoge un an\u00e1lisis de la situaci\u00f3n socioecon\u00f3mica de Hego Euskal Herria. Deja cuatro conclusiones fundamentales, las cuales engloban la siguiente idea principal: \u201cEncadenamos una crisis tras otra y la situaci\u00f3n no se restituye. Las decisiones pol\u00edticas que se toman no responden a las necesidades de los trabajadores y trabajadoras ni corrigen los problemas estructurales del mercado laboral, porque tienen como prioridad y objetivo los beneficios de las empresas. Lejos de dar respuestas eficaces a la crisis ecosocial que vivimos, se sigue fomentando un modelo de consumo y producci\u00f3n que genera efectos insostenibles\u201d.<\/p>\n\n\n\n<p>El informe completo se puede consultar en el siguiente enlace:<\/p>\n\n\n\n<div class=\"wp-block-file\"><a href=\"https:\/\/www.lab.eus\/wp-content\/uploads\/2023\/04\/Ikusmiran13_Informe_CAS.pdf\">Ikusmiran13_Informe_CAS<\/a><a href=\"https:\/\/www.lab.eus\/wp-content\/uploads\/2023\/04\/Ikusmiran13_Informe_CAS.pdf\" class=\"wp-block-file__button\" download>Deskargatu<\/a><\/div>\n\n\n\n<ul class=\"wp-block-list\"><li><strong>Se mantiene la tendencia al debilitamiento del tejido econ\u00f3mico, con el declive continuado del sector industrial y el aumento de la econom\u00eda basada en los servicios<\/strong><\/li><\/ul>\n\n\n\n<p>Se mantiene la tendencia de debilitamiento del tejido econ\u00f3mico de Hego Euskal Herria. La evoluci\u00f3n negativa de la industria es una constante. Los indicadores y tendencias analizados nos confirman que, adem\u00e1s de dominar un modelo econ\u00f3mico basado en los servicios, se ha optado por profundizar en \u00e9l y hacerlo estructural.<\/p>\n\n\n\n<ul class=\"wp-block-list\"><li>Estamos lejos de recuperar los 12.700 empleos que se perdieron entre 2021 y 2022 como consecuencia de la deslocalizaci\u00f3n de la industria manufacturera.<\/li><li>La afiliaci\u00f3n est\u00e1 en declive en el sector industrial, con un descenso del 11,30% desde 2009, mientras que en los servicios la tendencia al alza es persistente, con un aumento del 16,35% en la afiliaci\u00f3n.<\/li><\/ul>\n\n\n\n<ul class=\"wp-block-list\"><li>Aunque el peso de la industria en el Producto Interior Bruto (PIB) ha aumentado considerablemente (en 2019 la industria registr\u00f3 un crecimiento nominal del 2,47% del PIB, en 2022 ha pasado a un crecimiento del 15,75%), los beneficios de las grandes empresas energ\u00e9ticas han contribuido al incremento del sector en el PIB. Esas ganancias no tienen retorno alguno en los servicios p\u00fablicos.<\/li><li>El peso del sector servicios en el PIB va en aumento (si en 2008 represent\u00f3 el 54,89% del PIB, en 2022 ha pasado al 60,19%).<\/li><\/ul>\n\n\n\n<p>Zoritxarrez, ez dago horri aurre egiteko inolako politika publikorik Euskal Herrian. Instituzio nagusien aldetik (Estatuetako Gobernuek, administrazio autonomikoek, Aldundiek&#8230; ) ehun industrialaren desegitearen aurrean arduragabe jokatzen dute eta zerbitzu ekonomiaren aldeko apustu ekonomiko zein politikoa egiten dute. Desgraciadamente, no existe ninguna pol\u00edtica p\u00fablica en el Pa\u00eds Vasco para combatir dicha situaci\u00f3n. Las principales instituciones (Gobiernos Estatales, Administraciones Auton\u00f3micas, Diputaciones&#8230;) act\u00faan de forma irresponsable ante el desmantelamiento del tejido industrial y hacen una apuesta econ\u00f3mica y pol\u00edtica por la econom\u00eda de servicios.<\/p>\n\n\n\n<ul class=\"wp-block-list\"><li><strong>Las decisiones pol\u00edticas no corrigen el problema estructural en el mercado laboral<\/strong><\/li><\/ul>\n\n\n\n<p>Las medidas econ\u00f3micas no han corregido los problemas estructurales de la contrataci\u00f3n o del mercado laboral. En concreto, la reforma laboral del Estado espa\u00f1ol no garantiza la creaci\u00f3n de empleo de calidad. Los empresarios (y la patronal) han aprovechado los visibles resquicios de la ley para reforzar la precarizaci\u00f3n de los trabajadores.<\/p>\n\n\n\n<ul class=\"wp-block-list\"><li>Aunque el n\u00famero de contratos indefinidos ha aumentado, la casi duplicaci\u00f3n de la contrataci\u00f3n de fijos discontinuos es fuente de preocupaci\u00f3n. Mientras que del total de contratos indefinidos en 2019 el 2,54% eran fijos discontinuos, en el 2\u00ba mes de 2023 han llegado a ser el 5,01%). Se ha producido la proliferaci\u00f3n de esta nueva forma de precariedad en la que en factor principal es la inestabilidad.<\/li><li>El desempleo ha tomado una direcci\u00f3n ascendente, siendo las mujeres, la juventud y las personas inmigrantes las m\u00e1s perjudicadas.<\/li><\/ul>\n\n\n\n<ul class=\"wp-block-list\"><li><strong>Las pol\u00edticas fiscales vigentes buscan proteger los beneficios empresariales<\/strong><\/li><\/ul>\n\n\n\n<p>La pol\u00edtica fiscal existente en Hego Euskal Herria puede reforzar la implantaci\u00f3n de una nueva cultura de recorte de los servicios p\u00fablicos. Se crea riqueza por encima de la UE pero la realidad de la presi\u00f3n fiscal y lo que supone en la pr\u00e1ctica la inexistencia de impuestos de sociedades hace que no haya una pol\u00edtica de redistribuci\u00f3n de esa riqueza y se protejan los beneficios del empresariado. Por tanto, unos pocos siguen acumulando capital, agrandando la brecha entre las rentas de capital y de trabajo. Estamos, pues, ante un problema estructural.<\/p>\n\n\n\n<ul class=\"wp-block-list\"><li>Si se analiza el PIB per c\u00e1pita, existe una riqueza que deber\u00eda ser distribuida en Hego Euskal Herria. Por lo tanto, a la hora de hacer la comparativa, podr\u00edamos decir que se genera m\u00e1s riqueza que en nuestro entorno inmediato y por encima de la media de nuestro \u00e1mbito geopol\u00edtico.<\/li><li>A pesar de recaudar m\u00e1s dinero de impuestos y cotizaciones sociales en 2021, la tasa en funci\u00f3n del PIB ha descendido (del 32,7% al 30,6% en la CAV y del 30,9% al 28,8% en Navarra). La presi\u00f3n fiscal en Hego Euskal Herria baja un 30,2%, muy por debajo de la media europea (40,6%)<\/li><\/ul>\n\n\n\n<ul class=\"wp-block-list\"><li>Si analizamos de d\u00f3nde se obtienen los ingresos fiscales, se observa que la pol\u00edtica fiscal que protege los beneficios de las empresas no es progresiva:<ul><li>La presi\u00f3n fiscal por beneficios empresariales en Hego Euskal Herria es del 1,2%, por debajo de la media de la UE (2,9%)<\/li><li>Si analizamos la evoluci\u00f3n del IRPF, la diferencia con Europa es muy grande (en 2021 el de Hego Euskal Herria era del 7,3% frente al 9,8% de la UE27).<\/li><\/ul><\/li><\/ul>\n\n\n\n<ul class=\"wp-block-list\"><li><strong> El modelo productivo y de consumo genera m\u00faltiples e insostenibles efectos negativos<\/strong><\/li><\/ul>\n\n\n\n<p>Al igual que en anteriores ediciones de Ikusmiran, hemos dedicado un espacio a los indicadores ambientales.<\/p>\n\n\n\n<ul class=\"wp-block-list\"><li>Seg\u00fan los inventarios de emisiones de Gases de Efecto Invernadero (GEI) completados por las instituciones, los sectores con mayores emisiones son la industria, la energ\u00eda y el transporte. Seg\u00fan la evoluci\u00f3n de los \u00faltimos 30 a\u00f1os, las emisiones de GEI no han sufrido reducciones significativas.<ul><li>En la CAPV han disminuido un 0,81% y en Nafarroa Garaia un 1,97%<\/li><\/ul><\/li><li>La calidad del aire es menor en las zonas con mayor presencia de los 3 sectores mencionados.<\/li><\/ul>\n\n\n\n<p>Encendidas todas las alarmas de emergencia clim\u00e1tica, la situaci\u00f3n preocupa y consideramos prioritario desarrollar pol\u00edticas p\u00fablicas que permitan la reducci\u00f3n de emisiones de GEI.<\/p>\n","protected":false},"excerpt":{"rendered":"<p>Ipar Hegoa, la fundaci\u00f3n de estudios sindicales del sindicato LAB, ha presentado la edici\u00f3n n\u00famero 13 del informe que recoge un an\u00e1lisis de la situaci\u00f3n socioecon\u00f3mica de Hego Euskal Herria. Deja cuatro conclusiones fundamentales, las cuales engloban la siguiente idea principal: \u201cEncadenamos una crisis tras otra y la situaci\u00f3n no se restituye. Las decisiones pol\u00edticas que se toman no responden a las necesidades de los trabajadores y trabajadoras ni corrigen los problemas estructurales del mercado laboral, porque tienen como prioridad y objetivo los beneficios de las empresas. Lejos de dar respuestas eficaces a la crisis ecosocial que vivimos, se sigue fomentando un modelo de consumo y producci\u00f3n que genera efectos insostenibles\u201d.<\/p>\n","protected":false},"author":1191,"featured_media":56647,"comment_status":"closed","ping_status":"closed","sticky":false,"template":"","format":"video","meta":{"_monsterinsights_skip_tracking":false,"_monsterinsights_sitenote_active":false,"_monsterinsights_sitenote_note":"","_monsterinsights_sitenote_category":0,"footnotes":"","_links_to":"","_links_to_target":""},"categories":[183],"tags":[3530,3279,3841],"class_list":{"0":"post-56640","1":"post","2":"type-post","3":"status-publish","4":"format-video","5":"has-post-thumbnail","7":"category-es-conferencias","8":"tag-ikusmiran","9":"tag-portada-es","10":"tag-situacion-socioeconomica","11":"post_format-post-format-video"},"_links":{"self":[{"href":"https:\/\/www.lab.eus\/es\/wp-json\/wp\/v2\/posts\/56640","targetHints":{"allow":["GET"]}}],"collection":[{"href":"https:\/\/www.lab.eus\/es\/wp-json\/wp\/v2\/posts"}],"about":[{"href":"https:\/\/www.lab.eus\/es\/wp-json\/wp\/v2\/types\/post"}],"author":[{"embeddable":true,"href":"https:\/\/www.lab.eus\/es\/wp-json\/wp\/v2\/users\/1191"}],"replies":[{"embeddable":true,"href":"https:\/\/www.lab.eus\/es\/wp-json\/wp\/v2\/comments?post=56640"}],"version-history":[{"count":0,"href":"https:\/\/www.lab.eus\/es\/wp-json\/wp\/v2\/posts\/56640\/revisions"}],"wp:featuredmedia":[{"embeddable":true,"href":"https:\/\/www.lab.eus\/es\/wp-json\/wp\/v2\/media\/56647"}],"wp:attachment":[{"href":"https:\/\/www.lab.eus\/es\/wp-json\/wp\/v2\/media?parent=56640"}],"wp:term":[{"taxonomy":"category","embeddable":true,"href":"https:\/\/www.lab.eus\/es\/wp-json\/wp\/v2\/categories?post=56640"},{"taxonomy":"post_tag","embeddable":true,"href":"https:\/\/www.lab.eus\/es\/wp-json\/wp\/v2\/tags?post=56640"}],"curies":[{"name":"wp","href":"https:\/\/api.w.org\/{rel}","templated":true}]}}