{"id":55760,"date":"2023-03-14T16:27:20","date_gmt":"2023-03-14T16:27:20","guid":{"rendered":"https:\/\/www.lab.eus\/?p=55760"},"modified":"2023-03-15T08:15:58","modified_gmt":"2023-03-15T08:15:58","slug":"exigimos-al-departamento-de-educacion-de-la-cav-una-formacion-consensuada-y-acorde-a-la-autonomia-del-centro-que-no-incremente-la-carga-de-trabajo","status":"publish","type":"post","link":"https:\/\/www.lab.eus\/es\/exigimos-al-departamento-de-educacion-de-la-cav-una-formacion-consensuada-y-acorde-a-la-autonomia-del-centro-que-no-incremente-la-carga-de-trabajo\/","title":{"rendered":"Exigimos al Departamento de Educaci\u00f3n de la CAV una formaci\u00f3n consensuada y acorde a la autonom\u00eda del centro que no incremente la carga de trabajo"},"content":{"rendered":"\n<p>Hoy hemos iniciado una din\u00e1mica de movilizaciones con el lema \u00abLan zama gehiago ez, formazio adostua bai! Curri-digi: pertson@k helburu?\u201d, para denunciar la deriva, el aumento de la carga de trabajo y la necesidad de trabajar fuera de horario. Las movilizaciones que vamos a llevar a cabo para pedir que la formaci\u00f3n se organice de forma consensuada se han iniciado en Araba.<br><br>Por la ma\u00f1ana, ante un curso recibido por parte de las y los responsables de Innovaci\u00f3n en el Palacio Europa de Gasteiz, LAB ha realizado una protesta para reclamar que se negocien las funciones de estas figuras docentes con los representantes de las y los trabajadores. A lo largo de la jornada, adem\u00e1s, el profesorado ha realizado la misma solicitud en varios centros de Araba: Aita Orbiso de Gasteiz, Od\u00f3n Apraiz, Mariturri, Salburua y Errekabarri; la ikastola de Abenda\u00f1o, el colegio Oroko Andra Mari de Murgia y el colegio p\u00fablico de Maeztu.<br><br>Gracias al acuerdo alcanzado el 26 de mayo de 2022 entre LAB junto con otros sindicatos, actualmente tenemos responsables de Innovaci\u00f3n en las escuelas p\u00fablicas. Aunque el trabajo de este profesorado deber\u00eda ser coadyuvante en el desarrollo metodol\u00f3gico de cada centro, el Departamento de Educaci\u00f3n los y las ha puesto en otras tareas, sin atender a las necesidades de cada centro y destinando recursos a exigencias extra\u00f1as de los fondos europeos.<br><br>La lucha de LAB siempre ha consistido en la adquisici\u00f3n de herramientas para profundizar en la autonom\u00eda de los centros y en la identificaci\u00f3n y planificaci\u00f3n de las formaciones necesarias para cada centro, siendo funci\u00f3n del Departamento facilitar los recursos para ello.<br><br>Por ello, solicitamos al Departamento de Educaci\u00f3n que toda propuesta de formaci\u00f3n debe ser consensuada y planificada previamente con el personal. Aumentando en cualquier caso la carga de trabajo, dentro del horario de trabajo y haciendo excepciones a la digitalizaci\u00f3n para mayores de 60 a\u00f1os.<br><br>Creemos que los recursos para la normalizaci\u00f3n del euskera, la pedagog\u00eda feminista, la inclusi\u00f3n y la innovaci\u00f3n metodol\u00f3gica son la prioridad en el camino hacia la Escuela P\u00fablica Vasca Comunitaria.<br><br>Por todo esto, adem\u00e1s de la movilizaci\u00f3n de hoy, hemos convocado concentraciones el jueves en las escuelas p\u00fablicas de Bizkaia y el d\u00eda 21 en Gipuzkoa.<\/p>\n\n\n\n<figure class=\"wp-block-gallery columns-3 is-cropped wp-block-gallery-1 is-layout-flex wp-block-gallery-is-layout-flex\"><ul class=\"blocks-gallery-grid\"><li class=\"blocks-gallery-item\"><figure><img loading=\"lazy\" decoding=\"async\" width=\"1024\" height=\"768\" src=\"https:\/\/www.lab.eus\/wp-content\/uploads\/2023\/03\/photo_5800863270876331563_y-1024x768.jpg\" alt=\"\" data-id=\"55762\" data-link=\"https:\/\/www.lab.eus\/es\/exigimos-al-departamento-de-educacion-de-la-cav-una-formacion-consensuada-y-acorde-a-la-autonomia-del-centro-que-no-incremente-la-carga-de-trabajo\/photo_5800863270876331563_y\/\" class=\"wp-image-55762\" srcset=\"https:\/\/www.lab.eus\/wp-content\/uploads\/2023\/03\/photo_5800863270876331563_y-1024x768.jpg 1024w, https:\/\/www.lab.eus\/wp-content\/uploads\/2023\/03\/photo_5800863270876331563_y-300x225.jpg 300w, https:\/\/www.lab.eus\/wp-content\/uploads\/2023\/03\/photo_5800863270876331563_y-768x576.jpg 768w, https:\/\/www.lab.eus\/wp-content\/uploads\/2023\/03\/photo_5800863270876331563_y-150x113.jpg 150w, https:\/\/www.lab.eus\/wp-content\/uploads\/2023\/03\/photo_5800863270876331563_y-696x522.jpg 696w, https:\/\/www.lab.eus\/wp-content\/uploads\/2023\/03\/photo_5800863270876331563_y-1068x801.jpg 1068w, https:\/\/www.lab.eus\/wp-content\/uploads\/2023\/03\/photo_5800863270876331563_y-560x420.jpg 560w, https:\/\/www.lab.eus\/wp-content\/uploads\/2023\/03\/photo_5800863270876331563_y-80x60.jpg 80w, https:\/\/www.lab.eus\/wp-content\/uploads\/2023\/03\/photo_5800863270876331563_y-265x198.jpg 265w, https:\/\/www.lab.eus\/wp-content\/uploads\/2023\/03\/photo_5800863270876331563_y.jpg 1280w\" sizes=\"auto, (max-width: 1024px) 100vw, 1024px\" \/><\/figure><\/li><li class=\"blocks-gallery-item\"><figure><img loading=\"lazy\" decoding=\"async\" width=\"1024\" height=\"576\" src=\"https:\/\/www.lab.eus\/wp-content\/uploads\/2023\/03\/photo_5800981528505859735_y-1024x576.jpg\" alt=\"\" data-id=\"55764\" data-link=\"https:\/\/www.lab.eus\/es\/exigimos-al-departamento-de-educacion-de-la-cav-una-formacion-consensuada-y-acorde-a-la-autonomia-del-centro-que-no-incremente-la-carga-de-trabajo\/photo_5800981528505859735_y\/\" class=\"wp-image-55764\" srcset=\"https:\/\/www.lab.eus\/wp-content\/uploads\/2023\/03\/photo_5800981528505859735_y-1024x576.jpg 1024w, https:\/\/www.lab.eus\/wp-content\/uploads\/2023\/03\/photo_5800981528505859735_y-300x169.jpg 300w, https:\/\/www.lab.eus\/wp-content\/uploads\/2023\/03\/photo_5800981528505859735_y-768x432.jpg 768w, https:\/\/www.lab.eus\/wp-content\/uploads\/2023\/03\/photo_5800981528505859735_y-150x84.jpg 150w, https:\/\/www.lab.eus\/wp-content\/uploads\/2023\/03\/photo_5800981528505859735_y-696x392.jpg 696w, https:\/\/www.lab.eus\/wp-content\/uploads\/2023\/03\/photo_5800981528505859735_y-1068x601.jpg 1068w, https:\/\/www.lab.eus\/wp-content\/uploads\/2023\/03\/photo_5800981528505859735_y-747x420.jpg 747w, https:\/\/www.lab.eus\/wp-content\/uploads\/2023\/03\/photo_5800981528505859735_y.jpg 1280w\" sizes=\"auto, (max-width: 1024px) 100vw, 1024px\" \/><\/figure><\/li><li class=\"blocks-gallery-item\"><figure><img loading=\"lazy\" decoding=\"async\" width=\"1024\" height=\"768\" src=\"https:\/\/www.lab.eus\/wp-content\/uploads\/2023\/03\/photo_5802969312384892293_y.jpg\" alt=\"\" data-id=\"55766\" data-link=\"https:\/\/www.lab.eus\/es\/exigimos-al-departamento-de-educacion-de-la-cav-una-formacion-consensuada-y-acorde-a-la-autonomia-del-centro-que-no-incremente-la-carga-de-trabajo\/photo_5802969312384892293_y\/\" class=\"wp-image-55766\" srcset=\"https:\/\/www.lab.eus\/wp-content\/uploads\/2023\/03\/photo_5802969312384892293_y.jpg 1024w, https:\/\/www.lab.eus\/wp-content\/uploads\/2023\/03\/photo_5802969312384892293_y-300x225.jpg 300w, https:\/\/www.lab.eus\/wp-content\/uploads\/2023\/03\/photo_5802969312384892293_y-768x576.jpg 768w, https:\/\/www.lab.eus\/wp-content\/uploads\/2023\/03\/photo_5802969312384892293_y-150x113.jpg 150w, https:\/\/www.lab.eus\/wp-content\/uploads\/2023\/03\/photo_5802969312384892293_y-696x522.jpg 696w, https:\/\/www.lab.eus\/wp-content\/uploads\/2023\/03\/photo_5802969312384892293_y-560x420.jpg 560w, https:\/\/www.lab.eus\/wp-content\/uploads\/2023\/03\/photo_5802969312384892293_y-80x60.jpg 80w, https:\/\/www.lab.eus\/wp-content\/uploads\/2023\/03\/photo_5802969312384892293_y-265x198.jpg 265w\" sizes=\"auto, (max-width: 1024px) 100vw, 1024px\" \/><\/figure><\/li><li class=\"blocks-gallery-item\"><figure><img loading=\"lazy\" decoding=\"async\" width=\"1024\" height=\"729\" src=\"https:\/\/www.lab.eus\/wp-content\/uploads\/2023\/03\/photo_5798862249908091578_y-1024x729.jpg\" alt=\"\" data-id=\"55768\" data-link=\"https:\/\/www.lab.eus\/es\/exigimos-al-departamento-de-educacion-de-la-cav-una-formacion-consensuada-y-acorde-a-la-autonomia-del-centro-que-no-incremente-la-carga-de-trabajo\/photo_5798862249908091578_y\/\" class=\"wp-image-55768\" srcset=\"https:\/\/www.lab.eus\/wp-content\/uploads\/2023\/03\/photo_5798862249908091578_y-1024x729.jpg 1024w, https:\/\/www.lab.eus\/wp-content\/uploads\/2023\/03\/photo_5798862249908091578_y-300x214.jpg 300w, https:\/\/www.lab.eus\/wp-content\/uploads\/2023\/03\/photo_5798862249908091578_y-768x547.jpg 768w, https:\/\/www.lab.eus\/wp-content\/uploads\/2023\/03\/photo_5798862249908091578_y-150x107.jpg 150w, https:\/\/www.lab.eus\/wp-content\/uploads\/2023\/03\/photo_5798862249908091578_y-696x495.jpg 696w, https:\/\/www.lab.eus\/wp-content\/uploads\/2023\/03\/photo_5798862249908091578_y-1068x760.jpg 1068w, https:\/\/www.lab.eus\/wp-content\/uploads\/2023\/03\/photo_5798862249908091578_y-590x420.jpg 590w, https:\/\/www.lab.eus\/wp-content\/uploads\/2023\/03\/photo_5798862249908091578_y-100x70.jpg 100w, https:\/\/www.lab.eus\/wp-content\/uploads\/2023\/03\/photo_5798862249908091578_y.jpg 1280w\" sizes=\"auto, (max-width: 1024px) 100vw, 1024px\" \/><\/figure><\/li><li class=\"blocks-gallery-item\"><figure><img loading=\"lazy\" decoding=\"async\" width=\"1024\" height=\"768\" src=\"https:\/\/www.lab.eus\/wp-content\/uploads\/2023\/03\/photo_5802969312384892261_y-1024x768.jpg\" alt=\"\" data-id=\"55770\" data-link=\"https:\/\/www.lab.eus\/es\/exigimos-al-departamento-de-educacion-de-la-cav-una-formacion-consensuada-y-acorde-a-la-autonomia-del-centro-que-no-incremente-la-carga-de-trabajo\/photo_5802969312384892261_y\/\" class=\"wp-image-55770\" srcset=\"https:\/\/www.lab.eus\/wp-content\/uploads\/2023\/03\/photo_5802969312384892261_y-1024x768.jpg 1024w, https:\/\/www.lab.eus\/wp-content\/uploads\/2023\/03\/photo_5802969312384892261_y-300x225.jpg 300w, https:\/\/www.lab.eus\/wp-content\/uploads\/2023\/03\/photo_5802969312384892261_y-768x576.jpg 768w, https:\/\/www.lab.eus\/wp-content\/uploads\/2023\/03\/photo_5802969312384892261_y-150x113.jpg 150w, https:\/\/www.lab.eus\/wp-content\/uploads\/2023\/03\/photo_5802969312384892261_y-696x522.jpg 696w, https:\/\/www.lab.eus\/wp-content\/uploads\/2023\/03\/photo_5802969312384892261_y-1068x801.jpg 1068w, https:\/\/www.lab.eus\/wp-content\/uploads\/2023\/03\/photo_5802969312384892261_y-560x420.jpg 560w, https:\/\/www.lab.eus\/wp-content\/uploads\/2023\/03\/photo_5802969312384892261_y-80x60.jpg 80w, https:\/\/www.lab.eus\/wp-content\/uploads\/2023\/03\/photo_5802969312384892261_y-265x198.jpg 265w, https:\/\/www.lab.eus\/wp-content\/uploads\/2023\/03\/photo_5802969312384892261_y.jpg 1280w\" sizes=\"auto, (max-width: 1024px) 100vw, 1024px\" \/><\/figure><\/li><li class=\"blocks-gallery-item\"><figure><img loading=\"lazy\" decoding=\"async\" width=\"1024\" height=\"461\" src=\"https:\/\/www.lab.eus\/wp-content\/uploads\/2023\/03\/photo_5802969312384892257_y1-1024x461.jpg\" alt=\"\" data-id=\"55772\" data-link=\"https:\/\/www.lab.eus\/es\/exigimos-al-departamento-de-educacion-de-la-cav-una-formacion-consensuada-y-acorde-a-la-autonomia-del-centro-que-no-incremente-la-carga-de-trabajo\/photo_5802969312384892257_y1\/\" class=\"wp-image-55772\" srcset=\"https:\/\/www.lab.eus\/wp-content\/uploads\/2023\/03\/photo_5802969312384892257_y1-1024x461.jpg 1024w, https:\/\/www.lab.eus\/wp-content\/uploads\/2023\/03\/photo_5802969312384892257_y1-300x135.jpg 300w, https:\/\/www.lab.eus\/wp-content\/uploads\/2023\/03\/photo_5802969312384892257_y1-768x346.jpg 768w, https:\/\/www.lab.eus\/wp-content\/uploads\/2023\/03\/photo_5802969312384892257_y1-150x68.jpg 150w, https:\/\/www.lab.eus\/wp-content\/uploads\/2023\/03\/photo_5802969312384892257_y1-696x313.jpg 696w, https:\/\/www.lab.eus\/wp-content\/uploads\/2023\/03\/photo_5802969312384892257_y1-1068x481.jpg 1068w, https:\/\/www.lab.eus\/wp-content\/uploads\/2023\/03\/photo_5802969312384892257_y1-933x420.jpg 933w, https:\/\/www.lab.eus\/wp-content\/uploads\/2023\/03\/photo_5802969312384892257_y1.jpg 1280w\" sizes=\"auto, (max-width: 1024px) 100vw, 1024px\" \/><\/figure><\/li><li class=\"blocks-gallery-item\"><figure><img loading=\"lazy\" decoding=\"async\" width=\"1024\" height=\"768\" src=\"https:\/\/www.lab.eus\/wp-content\/uploads\/2023\/03\/image0.jpeg\" alt=\"\" data-id=\"55776\" data-link=\"https:\/\/www.lab.eus\/es\/exigimos-al-departamento-de-educacion-de-la-cav-una-formacion-consensuada-y-acorde-a-la-autonomia-del-centro-que-no-incremente-la-carga-de-trabajo\/image0\/\" class=\"wp-image-55776\" srcset=\"https:\/\/www.lab.eus\/wp-content\/uploads\/2023\/03\/image0.jpeg 1024w, https:\/\/www.lab.eus\/wp-content\/uploads\/2023\/03\/image0-300x225.jpeg 300w, https:\/\/www.lab.eus\/wp-content\/uploads\/2023\/03\/image0-768x576.jpeg 768w, https:\/\/www.lab.eus\/wp-content\/uploads\/2023\/03\/image0-150x113.jpeg 150w, https:\/\/www.lab.eus\/wp-content\/uploads\/2023\/03\/image0-696x522.jpeg 696w, https:\/\/www.lab.eus\/wp-content\/uploads\/2023\/03\/image0-560x420.jpeg 560w, https:\/\/www.lab.eus\/wp-content\/uploads\/2023\/03\/image0-80x60.jpeg 80w, https:\/\/www.lab.eus\/wp-content\/uploads\/2023\/03\/image0-265x198.jpeg 265w\" sizes=\"auto, (max-width: 1024px) 100vw, 1024px\" \/><\/figure><\/li><li class=\"blocks-gallery-item\"><figure><img loading=\"lazy\" decoding=\"async\" width=\"1024\" height=\"768\" src=\"https:\/\/www.lab.eus\/wp-content\/uploads\/2023\/03\/20230314_142055-1024x768.jpg\" alt=\"\" data-id=\"55778\" data-link=\"https:\/\/www.lab.eus\/es\/exigimos-al-departamento-de-educacion-de-la-cav-una-formacion-consensuada-y-acorde-a-la-autonomia-del-centro-que-no-incremente-la-carga-de-trabajo\/20230314_142055\/\" class=\"wp-image-55778\" srcset=\"https:\/\/www.lab.eus\/wp-content\/uploads\/2023\/03\/20230314_142055-1024x768.jpg 1024w, https:\/\/www.lab.eus\/wp-content\/uploads\/2023\/03\/20230314_142055-300x225.jpg 300w, https:\/\/www.lab.eus\/wp-content\/uploads\/2023\/03\/20230314_142055-768x576.jpg 768w, https:\/\/www.lab.eus\/wp-content\/uploads\/2023\/03\/20230314_142055-1536x1152.jpg 1536w, https:\/\/www.lab.eus\/wp-content\/uploads\/2023\/03\/20230314_142055-2048x1536.jpg 2048w, https:\/\/www.lab.eus\/wp-content\/uploads\/2023\/03\/20230314_142055-150x113.jpg 150w, https:\/\/www.lab.eus\/wp-content\/uploads\/2023\/03\/20230314_142055-696x522.jpg 696w, https:\/\/www.lab.eus\/wp-content\/uploads\/2023\/03\/20230314_142055-1068x801.jpg 1068w, https:\/\/www.lab.eus\/wp-content\/uploads\/2023\/03\/20230314_142055-1920x1440.jpg 1920w, https:\/\/www.lab.eus\/wp-content\/uploads\/2023\/03\/20230314_142055-560x420.jpg 560w, https:\/\/www.lab.eus\/wp-content\/uploads\/2023\/03\/20230314_142055-80x60.jpg 80w, https:\/\/www.lab.eus\/wp-content\/uploads\/2023\/03\/20230314_142055-265x198.jpg 265w\" sizes=\"auto, (max-width: 1024px) 100vw, 1024px\" \/><\/figure><\/li><li class=\"blocks-gallery-item\"><figure><img loading=\"lazy\" decoding=\"async\" width=\"1024\" height=\"631\" src=\"https:\/\/www.lab.eus\/wp-content\/uploads\/2023\/03\/IMG-20230314-WA0002.jpg\" alt=\"\" data-id=\"55792\" data-full-url=\"https:\/\/www.lab.eus\/wp-content\/uploads\/2023\/03\/IMG-20230314-WA0002.jpg\" data-link=\"https:\/\/www.lab.eus\/es\/exigimos-al-departamento-de-educacion-de-la-cav-una-formacion-consensuada-y-acorde-a-la-autonomia-del-centro-que-no-incremente-la-carga-de-trabajo\/img-20230314-wa0002\/\" class=\"wp-image-55792\" srcset=\"https:\/\/www.lab.eus\/wp-content\/uploads\/2023\/03\/IMG-20230314-WA0002.jpg 1024w, https:\/\/www.lab.eus\/wp-content\/uploads\/2023\/03\/IMG-20230314-WA0002-300x185.jpg 300w, https:\/\/www.lab.eus\/wp-content\/uploads\/2023\/03\/IMG-20230314-WA0002-768x473.jpg 768w, https:\/\/www.lab.eus\/wp-content\/uploads\/2023\/03\/IMG-20230314-WA0002-150x92.jpg 150w, https:\/\/www.lab.eus\/wp-content\/uploads\/2023\/03\/IMG-20230314-WA0002-696x429.jpg 696w, https:\/\/www.lab.eus\/wp-content\/uploads\/2023\/03\/IMG-20230314-WA0002-682x420.jpg 682w, https:\/\/www.lab.eus\/wp-content\/uploads\/2023\/03\/IMG-20230314-WA0002-356x220.jpg 356w\" sizes=\"auto, (max-width: 1024px) 100vw, 1024px\" \/><\/figure><\/li><\/ul><\/figure>\n","protected":false},"excerpt":{"rendered":"<p>Hoy hemos iniciado una din\u00e1mica de movilizaciones con el lema \u00abLan zama gehiago ez, formazio adostua bai! Curri-digi: pertson@k helburu?\u201d, para denunciar la deriva, el aumento de la carga de trabajo y la necesidad de trabajar fuera de horario. Las movilizaciones que vamos a llevar a cabo para pedir que la formaci\u00f3n se organice de forma consensuada se han iniciado en Araba.<\/p>\n","protected":false},"author":1191,"featured_media":55758,"comment_status":"closed","ping_status":"closed","sticky":false,"template":"","format":"standard","meta":{"_monsterinsights_skip_tracking":false,"_monsterinsights_sitenote_active":false,"_monsterinsights_sitenote_note":"","_monsterinsights_sitenote_category":0,"footnotes":"","_links_to":"","_links_to_target":""},"categories":[18,33,2867,6],"tags":[3033,3178,3194],"class_list":{"0":"post-55760","1":"post","2":"type-post","3":"status-publish","4":"format-standard","5":"has-post-thumbnail","7":"category-es-accion-sindical","8":"category-es-ensenanza","9":"category-federaciones","10":"category-es-servicios-publicos","11":"tag-accion-sindical-es","12":"tag-destacado-1","13":"tag-ensenanza-es"},"_links":{"self":[{"href":"https:\/\/www.lab.eus\/es\/wp-json\/wp\/v2\/posts\/55760","targetHints":{"allow":["GET"]}}],"collection":[{"href":"https:\/\/www.lab.eus\/es\/wp-json\/wp\/v2\/posts"}],"about":[{"href":"https:\/\/www.lab.eus\/es\/wp-json\/wp\/v2\/types\/post"}],"author":[{"embeddable":true,"href":"https:\/\/www.lab.eus\/es\/wp-json\/wp\/v2\/users\/1191"}],"replies":[{"embeddable":true,"href":"https:\/\/www.lab.eus\/es\/wp-json\/wp\/v2\/comments?post=55760"}],"version-history":[{"count":0,"href":"https:\/\/www.lab.eus\/es\/wp-json\/wp\/v2\/posts\/55760\/revisions"}],"wp:featuredmedia":[{"embeddable":true,"href":"https:\/\/www.lab.eus\/es\/wp-json\/wp\/v2\/media\/55758"}],"wp:attachment":[{"href":"https:\/\/www.lab.eus\/es\/wp-json\/wp\/v2\/media?parent=55760"}],"wp:term":[{"taxonomy":"category","embeddable":true,"href":"https:\/\/www.lab.eus\/es\/wp-json\/wp\/v2\/categories?post=55760"},{"taxonomy":"post_tag","embeddable":true,"href":"https:\/\/www.lab.eus\/es\/wp-json\/wp\/v2\/tags?post=55760"}],"curies":[{"name":"wp","href":"https:\/\/api.w.org\/{rel}","templated":true}]}}