{"id":55517,"date":"2023-03-07T15:08:50","date_gmt":"2023-03-07T15:08:50","guid":{"rendered":"https:\/\/www.lab.eus\/?p=55517"},"modified":"2023-03-07T15:08:51","modified_gmt":"2023-03-07T15:08:51","slug":"los-trabajadores-y-trabajadoras-de-dhl-parcel-de-donostia-luchan-por-un-convenio-que-garantice-el-poder-adquisitivo","status":"publish","type":"post","link":"https:\/\/www.lab.eus\/es\/los-trabajadores-y-trabajadoras-de-dhl-parcel-de-donostia-luchan-por-un-convenio-que-garantice-el-poder-adquisitivo\/","title":{"rendered":"Los trabajadores y trabajadoras de DHL Parcel de Donostia luchan por un convenio que garantice el poder adquisitivo"},"content":{"rendered":"\n<p>El \u00faltimo Convenio colectivo que se firm\u00f3 en la empresa DHL PARCEL GIPUZKOA SPAIN S.L, en la cual trabajan cerca de 40 personas, entr\u00f3 en vigor el 1 de enero del 2018, con una duraci\u00f3n de cuatro a\u00f1os; es decir, hasta el 31 de diciembre de 2021.<\/p>\n\n\n\n<p>Desde entonces, se han celebrado varias reuniones entre el Comit\u00e9 de la Empresa y la Empresa, con el objetivo de renovar dicho Convenio colectivo.<\/p>\n\n\n\n<p>Sin embargo, parece que las partes estamos muy lejos del punto de encuentro, aunque la \u00fanica pretensi\u00f3n de la parte social es garantizar el poder adquisitivo de las personas trabajadoras, adem\u00e1s de mejorar ciertas cuestiones en la producci\u00f3n diaria.<\/p>\n\n\n\n<p>Para el sindicato LAB el IPC es una l\u00ednea roja. Teniendo en cuenta que es el indicador que refleja el encarecimiento de la vida, vemos evidente que el sueldo de las y los trabajadores de DHL PARCEL GIPUZKOA tiene que ir acorde con el IPC.<\/p>\n\n\n\n<p>Con el objetivo de garantizar dicho indicador, LAB ha puesto encima de la mesa una f\u00f3rmula que facilite a la parte empresarial garantizar el IPC. Sin embargo, la empresa sigue sin querer hablar en esos t\u00e9rminos.<\/p>\n\n\n\n<p>Por ello, no nos queda otra que luchar por lo que es nuestro. Hoy, 7 de marzo, nos hemos concentrado en la calle Fernando M\u00fagica, 1 (en frente del Mercadona de Belartza), de 12:45 a 13:30 horas, para manifestarnos en favor de nuestros derechos.<\/p>\n","protected":false},"excerpt":{"rendered":"<p>El \u00faltimo Convenio colectivo que se firm\u00f3 en la empresa DHL PARCEL GIPUZKOA SPAIN S.L, en la cual trabajan cerca de 40 personas, entr\u00f3 en vigor el 1 de enero del 2018, con una duraci\u00f3n de cuatro a\u00f1os; es decir, hasta el 31 de diciembre de 2021.<\/p>\n","protected":false},"author":1191,"featured_media":55515,"comment_status":"closed","ping_status":"closed","sticky":false,"template":"","format":"standard","meta":{"_monsterinsights_skip_tracking":false,"_monsterinsights_sitenote_active":false,"_monsterinsights_sitenote_note":"","_monsterinsights_sitenote_category":0,"footnotes":"","_links_to":"","_links_to_target":""},"categories":[18,2867,8],"tags":[3178,3066,3758],"class_list":{"0":"post-55517","1":"post","2":"type-post","3":"status-publish","4":"format-standard","5":"has-post-thumbnail","7":"category-es-accion-sindical","8":"category-federaciones","9":"category-es-servicios-privados","10":"tag-destacado-1","11":"tag-federaciones-es","12":"tag-mensajeria"},"_links":{"self":[{"href":"https:\/\/www.lab.eus\/es\/wp-json\/wp\/v2\/posts\/55517","targetHints":{"allow":["GET"]}}],"collection":[{"href":"https:\/\/www.lab.eus\/es\/wp-json\/wp\/v2\/posts"}],"about":[{"href":"https:\/\/www.lab.eus\/es\/wp-json\/wp\/v2\/types\/post"}],"author":[{"embeddable":true,"href":"https:\/\/www.lab.eus\/es\/wp-json\/wp\/v2\/users\/1191"}],"replies":[{"embeddable":true,"href":"https:\/\/www.lab.eus\/es\/wp-json\/wp\/v2\/comments?post=55517"}],"version-history":[{"count":0,"href":"https:\/\/www.lab.eus\/es\/wp-json\/wp\/v2\/posts\/55517\/revisions"}],"wp:featuredmedia":[{"embeddable":true,"href":"https:\/\/www.lab.eus\/es\/wp-json\/wp\/v2\/media\/55515"}],"wp:attachment":[{"href":"https:\/\/www.lab.eus\/es\/wp-json\/wp\/v2\/media?parent=55517"}],"wp:term":[{"taxonomy":"category","embeddable":true,"href":"https:\/\/www.lab.eus\/es\/wp-json\/wp\/v2\/categories?post=55517"},{"taxonomy":"post_tag","embeddable":true,"href":"https:\/\/www.lab.eus\/es\/wp-json\/wp\/v2\/tags?post=55517"}],"curies":[{"name":"wp","href":"https:\/\/api.w.org\/{rel}","templated":true}]}}