{"id":55499,"date":"2023-03-06T11:22:35","date_gmt":"2023-03-06T11:22:35","guid":{"rendered":"https:\/\/www.lab.eus\/?p=55499"},"modified":"2023-03-06T11:22:37","modified_gmt":"2023-03-06T11:22:37","slug":"otro-trabajador-ha-fallecido-el-fin-de-semana-en-baiona","status":"publish","type":"post","link":"https:\/\/www.lab.eus\/es\/otro-trabajador-ha-fallecido-el-fin-de-semana-en-baiona\/","title":{"rendered":"Otro trabajador ha fallecido el fin de semana en Baiona"},"content":{"rendered":"\n<p>Este s\u00e1bado por la noche hemos conocido que otro trabajador ha perdido la vida por accidente laboral, esta vez en Baiona. Con este, llevamos 10 accidentes laborales mortales en Euskal Herria en 2023.<\/p>\n\n\n\n<p>LAB quiere solidarizarse con los familiares, allegados y compa\u00f1eros del trabajador, as\u00ed como con la clase trabajadora de EH.<br><br>Dos trabajadores que estaban montando una cabina de pintura en un taller de autom\u00f3viles en Baiona, cayeron desde el techo de la cabina, uno resulto herido y el otro trabajador muri\u00f3. En el plazo de un a\u00f1o el sistema capitalista ha causado la 3\u00aa muerte traum\u00e1tica en Ipar Euskal Herria. Es objetivo, por tanto, que la situaci\u00f3n de los accidentes de trabajo ha empeorado y no cabe duda de que se ha dado un paso atr\u00e1s en la integraci\u00f3n de las medidas preventivas que corresponde a las empresas. Todo esto se est\u00e1 dando en el marco de un brutal proceso de recortes del Estado franc\u00e9s. Nada es casualidad, la salud de la clase trabajadora tiene relaci\u00f3n directa con los derechos laborales.<br><br>De este modo, queremos subrayar que la responsabilidad de garantizar la salud laboral recae sobre el empresario y que es la administraci\u00f3n quien debe hacerla cumplir. Estamos pagando con nuestras vidas la actitud y dejadez de la patronal. No descansaremos hasta que se garantice la salud de la clase trabajadora y denunciaremos firmemente todos los incumplimientos. Queremos subrayar la necesidad de movilizar a la clase trabajadora ante esta nueva muerte y LAB dar\u00e1 los pasos necesarios para ello.<\/p>\n","protected":false},"excerpt":{"rendered":"<p>Este s\u00e1bado por la noche hemos conocido que otro trabajador ha perdido la vida por accidente laboral, esta vez en Baiona. Con este, llevamos 10 accidentes laborales mortales en Euskal Herria en 2023.<\/p>\n","protected":false},"author":1191,"featured_media":19370,"comment_status":"closed","ping_status":"closed","sticky":false,"template":"","format":"standard","meta":{"_monsterinsights_skip_tracking":false,"_monsterinsights_sitenote_active":false,"_monsterinsights_sitenote_note":"","_monsterinsights_sitenote_category":0,"footnotes":"","_links_to":"","_links_to_target":""},"categories":[15,2973],"tags":[3178,3024],"class_list":{"0":"post-55499","1":"post","2":"type-post","3":"status-publish","4":"format-standard","5":"has-post-thumbnail","7":"category-es-salud-laboral","8":"category-secretarias","9":"tag-destacado-1","10":"tag-secretarias"},"_links":{"self":[{"href":"https:\/\/www.lab.eus\/es\/wp-json\/wp\/v2\/posts\/55499","targetHints":{"allow":["GET"]}}],"collection":[{"href":"https:\/\/www.lab.eus\/es\/wp-json\/wp\/v2\/posts"}],"about":[{"href":"https:\/\/www.lab.eus\/es\/wp-json\/wp\/v2\/types\/post"}],"author":[{"embeddable":true,"href":"https:\/\/www.lab.eus\/es\/wp-json\/wp\/v2\/users\/1191"}],"replies":[{"embeddable":true,"href":"https:\/\/www.lab.eus\/es\/wp-json\/wp\/v2\/comments?post=55499"}],"version-history":[{"count":0,"href":"https:\/\/www.lab.eus\/es\/wp-json\/wp\/v2\/posts\/55499\/revisions"}],"wp:featuredmedia":[{"embeddable":true,"href":"https:\/\/www.lab.eus\/es\/wp-json\/wp\/v2\/media\/19370"}],"wp:attachment":[{"href":"https:\/\/www.lab.eus\/es\/wp-json\/wp\/v2\/media?parent=55499"}],"wp:term":[{"taxonomy":"category","embeddable":true,"href":"https:\/\/www.lab.eus\/es\/wp-json\/wp\/v2\/categories?post=55499"},{"taxonomy":"post_tag","embeddable":true,"href":"https:\/\/www.lab.eus\/es\/wp-json\/wp\/v2\/tags?post=55499"}],"curies":[{"name":"wp","href":"https:\/\/api.w.org\/{rel}","templated":true}]}}