{"id":54235,"date":"2023-02-02T12:18:30","date_gmt":"2023-02-02T12:18:30","guid":{"rendered":"https:\/\/www.lab.eus\/?p=54235"},"modified":"2023-02-02T12:18:32","modified_gmt":"2023-02-02T12:18:32","slug":"hemos-denunciado-en-donostia-la-sexta-muerte-en-el-trabajo-de-este-ano","status":"publish","type":"post","link":"https:\/\/www.lab.eus\/es\/hemos-denunciado-en-donostia-la-sexta-muerte-en-el-trabajo-de-este-ano\/","title":{"rendered":"Hemos denunciado en Donostia la sexta muerte en el trabajo de este a\u00f1o"},"content":{"rendered":"\n<p>El martes <a href=\"https:\/\/www.lab.eus\/es\/fallece-otra-persona-trabajadora-en-donostia-en-accidente-laboral\/\">falleci\u00f3 en Donostia el trabajador A.A.A., de 32 a\u00f1os<\/a>, debido a una ca\u00edda desde altura. Con esta \u00faltima son <a href=\"https:\/\/www.lab.eus\/2023an-lan-istripuan-hildako-langileak\/\">al menos 6 las muertes en el trabajo<\/a> ocurridas en Euskal Herria desde inicio de a\u00f1o. Hoy hemos denunciado su muerte en Donostia con una concentraci\u00f3n que hemos realizado junto con la mayor\u00eda sindical ante la sede de Telef\u00f3nica.<\/p>\n","protected":false},"excerpt":{"rendered":"<p>El martes falleci\u00f3 en Donostia el trabajador A.A.A., de 32 a\u00f1os, debido a una ca\u00edda desde altura. Con esta \u00faltima son al menos 6 las muertes en el trabajo ocurridas en Euskal Herria desde inicio de a\u00f1o. Hoy hemos denunciado su muerte en Donostia con una concentraci\u00f3n que hemos realizado junto con la mayor\u00eda sindical ante la sede de Telef\u00f3nica.<\/p>\n","protected":false},"author":1191,"featured_media":54233,"comment_status":"closed","ping_status":"closed","sticky":false,"template":"","format":"standard","meta":{"_monsterinsights_skip_tracking":false,"_monsterinsights_sitenote_active":false,"_monsterinsights_sitenote_note":"","_monsterinsights_sitenote_category":0,"footnotes":"","_links_to":"","_links_to_target":""},"categories":[18,130,15,2973],"tags":[3033,3178,3263,3083,3568],"class_list":{"0":"post-54235","1":"post","2":"type-post","3":"status-publish","4":"format-standard","5":"has-post-thumbnail","7":"category-es-accion-sindical","8":"category-es-la-precariedad-mata-es-salud-laboral","9":"category-es-salud-laboral","10":"category-secretarias","11":"tag-accion-sindical-es","12":"tag-destacado-1","13":"tag-la-precariedad-mata-es-2","14":"tag-salud-laboral-es","15":"tag-secretaria"},"_links":{"self":[{"href":"https:\/\/www.lab.eus\/es\/wp-json\/wp\/v2\/posts\/54235","targetHints":{"allow":["GET"]}}],"collection":[{"href":"https:\/\/www.lab.eus\/es\/wp-json\/wp\/v2\/posts"}],"about":[{"href":"https:\/\/www.lab.eus\/es\/wp-json\/wp\/v2\/types\/post"}],"author":[{"embeddable":true,"href":"https:\/\/www.lab.eus\/es\/wp-json\/wp\/v2\/users\/1191"}],"replies":[{"embeddable":true,"href":"https:\/\/www.lab.eus\/es\/wp-json\/wp\/v2\/comments?post=54235"}],"version-history":[{"count":0,"href":"https:\/\/www.lab.eus\/es\/wp-json\/wp\/v2\/posts\/54235\/revisions"}],"wp:featuredmedia":[{"embeddable":true,"href":"https:\/\/www.lab.eus\/es\/wp-json\/wp\/v2\/media\/54233"}],"wp:attachment":[{"href":"https:\/\/www.lab.eus\/es\/wp-json\/wp\/v2\/media?parent=54235"}],"wp:term":[{"taxonomy":"category","embeddable":true,"href":"https:\/\/www.lab.eus\/es\/wp-json\/wp\/v2\/categories?post=54235"},{"taxonomy":"post_tag","embeddable":true,"href":"https:\/\/www.lab.eus\/es\/wp-json\/wp\/v2\/tags?post=54235"}],"curies":[{"name":"wp","href":"https:\/\/api.w.org\/{rel}","templated":true}]}}