{"id":54226,"date":"2023-02-01T12:38:39","date_gmt":"2023-02-01T12:38:39","guid":{"rendered":"https:\/\/www.lab.eus\/?p=54226"},"modified":"2023-02-02T11:39:07","modified_gmt":"2023-02-02T11:39:07","slug":"la-plantilla-de-madres-mercedarias-convoca-7-dias-de-huelga-ante-la-amenaza-de-cierre-del-centro-residencial-de-ibarra-en-orozko-y-la-precariedad-de-sus-condiciones-laborales","status":"publish","type":"post","link":"https:\/\/www.lab.eus\/es\/la-plantilla-de-madres-mercedarias-convoca-7-dias-de-huelga-ante-la-amenaza-de-cierre-del-centro-residencial-de-ibarra-en-orozko-y-la-precariedad-de-sus-condiciones-laborales\/","title":{"rendered":"La plantilla de Madres Mercedarias convoca 7 d\u00edas de huelga ante la amenaza de cierre del centro residencial de Ibarra, en Orozko, y la precariedad de sus condiciones laborales"},"content":{"rendered":"\n<p>Las trabajadoras del centro residencial Madres Mercedarias de Ibarra, en Orozko, realizamos un servico publico del sector de Diversidad Funcional, concretamente, en el barrio de Ibarra en Orozko. Nuestra representacion sindical est\u00e1 compuesta por 2 delegadas de LAB y 1 delegada de ESK.<\/p>\n\n\n\n<p>Somos 43 trabajadoras que cuidamos de 73 mujeres con discapacidad intelectual. Es decir, somos mujeres cuidando mujeres, y sabemos que \u00e9sta es una de las razones por la que se atreven a amenazarnos con el cierre del centro de trabajo y de que nuestras condiciones laborales sean tan precarias.<\/p>\n\n\n\n<p>En el 2019 Las Madres Mercedarias, utilizando a la empresa buitre Fundacion Aliados, nos congelaron el sueldo y nos aumentaron la jornada anual. Para defender nuestras condiciones laborales, iniciamos una lucha y hemos realizado, hasta el d\u00eda de hoy, 21 d\u00edas de huelga y m\u00faltiples movilizaciones. La Diputaci\u00f3n de Bizkaia ha mirado para otro lado, siendo esta administracion quien tiene la titularidad del servicio p\u00fablico que realizamos y a quien hacemos responsable directo de la situaci\u00f3n de precariedad en la que nos encontramos. Recordamos que los salarios que cobramos son de entre 900 y 1.100 euros.<\/p>\n\n\n\n<p>La Congregacion Madres Mercedarias nos han comunicado recientemente que abandona el servicio y que si nadie viene a \u201ccomprarles el negocio\u201d cerrar\u00e1n el centro de trabajo. Tambi\u00e9n nos han comunicado que la Diputaci\u00f3n de Bizkaia conoce la decision. Han contratado a la Fundaci\u00f3n EDE para que gestione la actual situaci\u00f3n. La gesti\u00f3n de EDE, hasta ahora, ha sido retirar a la Congregaci\u00f3n de cualquier negociaci\u00f3n con las trabajadoras y transmitir a la plantilla que es mejor no \u201chacer ruido\u201d; es decir, intentar asustarnos y que no luchemos por nuestros derechos.<\/p>\n\n\n\n<p>La situaci\u00f3n es muy grave, no solo para nosotras, sino tambi\u00e9n para las mujeres a las que cuidamos. Para estas mujeres este centro residencial es su hogar. La Diputaci\u00f3n de Bizkaia es, ahora m\u00e1s que nunca, la responsable directa de este conflicto y la vamos a interpelar directamente. Hemos solicitado una reuni\u00f3n con su m\u00e1ximo responsable Sergio Murillo para exigirle que asuma sus responsabilidades y d\u00e9 soluci\u00f3n a esta situacion.<\/p>\n\n\n\n<p>Ante esta grave situaci\u00f3n, y tras celebrar varias asambleas, hemos decidido convocar 7 d\u00edas de huelga del 6 al 12 de febrero. Y anunciamos que no ser\u00e1n las \u00faltimas si nuestros derechos no se respetan: mantenimiento de nuestros empleos, recuperaci\u00f3n del poder adquisitivo y reducci\u00f3n de nuestra jornada anual.<\/p>\n\n\n\n<p>Durante los d\u00edas de huelga realizaremos varias movilizaciones y acciones, entre otras:<\/p>\n\n\n\n<ul class=\"wp-block-list\"><li>Concentracion diaria a las 14:30 en el centro de trabajo de Ibarra, Orozko.<\/li><\/ul>\n\n\n\n<ul class=\"wp-block-list\"><li>Manifestacion en Bilbao, el d\u00eda 8 de febrero, que saldr\u00e1 a las 10:00 de la sede de Fundacion EDE y que se unir\u00e1 en la plaza Moy\u00faa, en una marcha conjunta con otras empresas del mismo sector de diversidad funcional en lucha como Gorabide y Gaude, hasta el Palacio de la Diputaci\u00f3n.<\/li><\/ul>\n\n\n\n<p>Para terminar, queremos invitar a toda la sociedad a que apoye nuestra lucha y tambi\u00e9n queremos trasladar nuestra determinaci\u00f3n a seguir luchando lo que sea necesario hasta conseguir que nuestros empleos y condiciones laborales sean garantizados.<\/p>\n","protected":false},"excerpt":{"rendered":"<p>Las trabajadoras del centro residencial Madres Mercedarias de Ibarra, en Orozko, realizamos un servico publico del sector de Diversidad Funcional, concretamente, en el barrio de Ibarra en Orozko. Nuestra representacion sindical est\u00e1 compuesta por 2 delegadas de LAB y 1 delegada de ESK.<\/p>\n","protected":false},"author":1191,"featured_media":54224,"comment_status":"closed","ping_status":"closed","sticky":false,"template":"","format":"standard","meta":{"_monsterinsights_skip_tracking":false,"_monsterinsights_sitenote_active":false,"_monsterinsights_sitenote_note":"","_monsterinsights_sitenote_category":0,"footnotes":"","_links_to":"","_links_to_target":""},"categories":[18,2867,3119,6],"tags":[3033,3178,3220],"class_list":{"0":"post-54226","1":"post","2":"type-post","3":"status-publish","4":"format-standard","5":"has-post-thumbnail","7":"category-es-accion-sindical","8":"category-federaciones","9":"category-intervencion-y-accion-social","10":"category-es-servicios-publicos","11":"tag-accion-sindical-es","12":"tag-destacado-1","13":"tag-intervencion-social"},"_links":{"self":[{"href":"https:\/\/www.lab.eus\/es\/wp-json\/wp\/v2\/posts\/54226","targetHints":{"allow":["GET"]}}],"collection":[{"href":"https:\/\/www.lab.eus\/es\/wp-json\/wp\/v2\/posts"}],"about":[{"href":"https:\/\/www.lab.eus\/es\/wp-json\/wp\/v2\/types\/post"}],"author":[{"embeddable":true,"href":"https:\/\/www.lab.eus\/es\/wp-json\/wp\/v2\/users\/1191"}],"replies":[{"embeddable":true,"href":"https:\/\/www.lab.eus\/es\/wp-json\/wp\/v2\/comments?post=54226"}],"version-history":[{"count":0,"href":"https:\/\/www.lab.eus\/es\/wp-json\/wp\/v2\/posts\/54226\/revisions"}],"wp:featuredmedia":[{"embeddable":true,"href":"https:\/\/www.lab.eus\/es\/wp-json\/wp\/v2\/media\/54224"}],"wp:attachment":[{"href":"https:\/\/www.lab.eus\/es\/wp-json\/wp\/v2\/media?parent=54226"}],"wp:term":[{"taxonomy":"category","embeddable":true,"href":"https:\/\/www.lab.eus\/es\/wp-json\/wp\/v2\/categories?post=54226"},{"taxonomy":"post_tag","embeddable":true,"href":"https:\/\/www.lab.eus\/es\/wp-json\/wp\/v2\/tags?post=54226"}],"curies":[{"name":"wp","href":"https:\/\/api.w.org\/{rel}","templated":true}]}}