{"id":54207,"date":"2023-02-02T11:09:09","date_gmt":"2023-02-02T11:09:09","guid":{"rendered":"https:\/\/www.lab.eus\/?p=54207"},"modified":"2023-02-02T11:09:10","modified_gmt":"2023-02-02T11:09:10","slug":"lab-reivindica-que-es-hora-de-acabar-con-el-bloqueo-que-sufre-el-convenio-de-intervencion-social","status":"publish","type":"post","link":"https:\/\/www.lab.eus\/es\/lab-reivindica-que-es-hora-de-acabar-con-el-bloqueo-que-sufre-el-convenio-de-intervencion-social\/","title":{"rendered":"Reivindicamos que es hora de acabar con el bloqueo que sufre el convenio de intervenci\u00f3n social de Bizkaia"},"content":{"rendered":"\n<p>Delegados y delegadas del sector se han movilizado en Bilbao frente a la Diputaci\u00f3n Foral. Alrededor de 3000 personas trabajan en Bizkaia con personas que sufren desigualdades sociales y condiciones de vida vulnerables.<\/p>\n\n\n\n<p>Se\u00f1alamos que la \u00faltima mesa negociadora la patronal ha tenido poca verg\u00fcenza y poca empat\u00eda hacia el sector y ha mostrado un gran desconocimiento sobre la realidad que vivimos los trabajadores y las trabajadoras. Entre otras cuestiones, nos ha acusado de estigmatizar una y otra vez a determinados colectivos cuando se ha hablado de los riesgos que requieren una especial protecci\u00f3n en la salud laboral. Pues bien, la patronal propone solamente recoger los hechos, hacer una evaluaci\u00f3n dentro de un a\u00f1o y, en funci\u00f3n de ello, tomar medidas, desoyendo lo expresado por los trabajadores y las trabajadoras del sector que participamos en dicha mesa.<br><br>En cuanto a los salarios, los sindicatos hemos puesto sobre la mesa la p\u00e9rdida de poder adquisitivo que sufre el sector y la patronal nos llama, sin ning\u00fan pudor, mentirosos y demagogos, ya que sostiene que los trabajadores y trabajadoras no hemos perdido poder adquisitivo. Por si esto fuera poco, propone que no se establezca ning\u00fan incremento salarial para 2022; el 2,5% por debajo del IPC para 2023 y el 3,5% por debajo del IPC para 2024\/2025.<br><br>Los trabajadores y las trabajadoras hemos sido insultadas y estamos indignadas. Desdse LAB creemos que para desbloquear la mesa hay que dar un salto cualitativo, situar el debate en el centro de las asambleas y sacar el enfado a la calle.<\/p>\n","protected":false},"excerpt":{"rendered":"<p>Delegados y delegadas del sector se han movilizado en Bilbao frente a la Diputaci\u00f3n Foral. Alrededor de 3000 personas trabajan en Bizkaia con personas que sufren desigualdades sociales y condiciones de vida vulnerables.<\/p>\n","protected":false},"author":1191,"featured_media":54217,"comment_status":"closed","ping_status":"closed","sticky":false,"template":"","format":"standard","meta":{"_monsterinsights_skip_tracking":false,"_monsterinsights_sitenote_active":false,"_monsterinsights_sitenote_note":"","_monsterinsights_sitenote_category":0,"footnotes":"","_links_to":"","_links_to_target":""},"categories":[18,2867,3119,6,3283],"tags":[3033,3178,3066,3220,3681,3682,3171],"class_list":{"0":"post-54207","1":"post","2":"type-post","3":"status-publish","4":"format-standard","5":"has-post-thumbnail","7":"category-es-accion-sindical","8":"category-federaciones","9":"category-intervencion-y-accion-social","10":"category-es-servicios-publicos","11":"category-sin-categorizar","12":"tag-accion-sindical-es","13":"tag-destacado-1","14":"tag-federaciones-es","15":"tag-intervencion-social","16":"tag-intervencion-social-de-bizkaia","17":"tag-nabarmendua-1-3","18":"tag-servicios-publicos-es"},"_links":{"self":[{"href":"https:\/\/www.lab.eus\/es\/wp-json\/wp\/v2\/posts\/54207","targetHints":{"allow":["GET"]}}],"collection":[{"href":"https:\/\/www.lab.eus\/es\/wp-json\/wp\/v2\/posts"}],"about":[{"href":"https:\/\/www.lab.eus\/es\/wp-json\/wp\/v2\/types\/post"}],"author":[{"embeddable":true,"href":"https:\/\/www.lab.eus\/es\/wp-json\/wp\/v2\/users\/1191"}],"replies":[{"embeddable":true,"href":"https:\/\/www.lab.eus\/es\/wp-json\/wp\/v2\/comments?post=54207"}],"version-history":[{"count":0,"href":"https:\/\/www.lab.eus\/es\/wp-json\/wp\/v2\/posts\/54207\/revisions"}],"wp:featuredmedia":[{"embeddable":true,"href":"https:\/\/www.lab.eus\/es\/wp-json\/wp\/v2\/media\/54217"}],"wp:attachment":[{"href":"https:\/\/www.lab.eus\/es\/wp-json\/wp\/v2\/media?parent=54207"}],"wp:term":[{"taxonomy":"category","embeddable":true,"href":"https:\/\/www.lab.eus\/es\/wp-json\/wp\/v2\/categories?post=54207"},{"taxonomy":"post_tag","embeddable":true,"href":"https:\/\/www.lab.eus\/es\/wp-json\/wp\/v2\/tags?post=54207"}],"curies":[{"name":"wp","href":"https:\/\/api.w.org\/{rel}","templated":true}]}}