{"id":54202,"date":"2023-02-02T09:00:31","date_gmt":"2023-02-02T09:00:31","guid":{"rendered":"https:\/\/www.lab.eus\/?p=54202"},"modified":"2023-02-04T10:42:59","modified_gmt":"2023-02-04T10:42:59","slug":"somos-el-sindicato-que-mas-ha-crecido-en-elecciones-sindiciales-en-estos-ultimos-cuatro-anos","status":"publish","type":"post","link":"https:\/\/www.lab.eus\/es\/somos-el-sindicato-que-mas-ha-crecido-en-elecciones-sindiciales-en-estos-ultimos-cuatro-anos\/","title":{"rendered":"Somos el sindicato que m\u00e1s ha crecido en elecciones sindicales en estos \u00faltimos cuatro a\u00f1os"},"content":{"rendered":"\n<p>Finalizada la primera fase del periodo concentrado de elecciones sindicales que se celebra cada cuatro a\u00f1os (desde septiembre y hasta el 31 de diciembre de 2022), las principales conclusiones son que LAB se acerca a la barrera del 20% en la CAV y se refuerza como segundo sindicato, mientras que en Nafarroa se estabiliza por encima del 17%, a menos de 8 puntos del primer sindicato.<\/p>\n\n\n\n<p>A pesar de que la evoluci\u00f3n se haya ralentizado entre 2021 y 2022, LAB es el sindicato que m\u00e1s ha crecido en el \u00faltimo cuatrienio tanto en la CAV como en Nafarroa. En comparaci\u00f3n con el \u00faltimo periodo concentrado (2018), LAB est\u00e1 obteniendo buenos resultados y su reto es mejorarlos en los pr\u00f3ximos meses, en la segunda fase del periodo concentrado.<\/p>\n\n\n\n<p>De hecho, se han retrasado varios procesos electorales y hasta mayo se celebrar\u00e1n elecciones en muchas empresas privadas y especialmente en las administraciones p\u00fablicas, donde LAB tiene una gran representaci\u00f3n (entre ellas la ense\u00f1anza p\u00fablica de la CAV a finales de marzo y toda la administraci\u00f3n p\u00fablica de Nafarroa en mayo).<br><br>Junto a los resultados electorales, destacan los datos de afiliaci\u00f3n, con un crecimiento sin parang\u00f3n: casi un 14% en los \u00faltimos cuatro a\u00f1os.<\/p>\n\n\n\n<p><strong>Resultados de elecciones sindicales en la CAV<\/strong><\/p>\n\n\n\n<p>De acuerdo a los resultados provisionales, la evoluci\u00f3n en la CAV entre los a\u00f1os 2018 y 2022 ha sido la siguiente:<\/p>\n\n\n\n<figure class=\"wp-block-image size-large\"><img loading=\"lazy\" decoding=\"async\" width=\"1024\" height=\"219\" src=\"https:\/\/www.lab.eus\/wp-content\/uploads\/2023\/02\/CAV-1024x219.png\" alt=\"\" class=\"wp-image-54213\" srcset=\"https:\/\/www.lab.eus\/wp-content\/uploads\/2023\/02\/CAV-1024x219.png 1024w, https:\/\/www.lab.eus\/wp-content\/uploads\/2023\/02\/CAV-300x64.png 300w, https:\/\/www.lab.eus\/wp-content\/uploads\/2023\/02\/CAV-768x165.png 768w, https:\/\/www.lab.eus\/wp-content\/uploads\/2023\/02\/CAV-150x32.png 150w, https:\/\/www.lab.eus\/wp-content\/uploads\/2023\/02\/CAV-696x149.png 696w, https:\/\/www.lab.eus\/wp-content\/uploads\/2023\/02\/CAV-1068x229.png 1068w, https:\/\/www.lab.eus\/wp-content\/uploads\/2023\/02\/CAV.png 1344w\" sizes=\"auto, (max-width: 1024px) 100vw, 1024px\" \/><\/figure>\n\n\n\n<p>Como se puede observar, en este periodo de cuatro a\u00f1os sin grandes altibajos LAB es el \u00fanico sindicato que crece (0,50% m\u00e1s), mientras que el resto de sindicatos se mantienen estables (UGT, CCOO) o con tendencia a la baja (ELA). De esta forma, LAB se refuerza como segundo sindicato de la CAV y aumenta la diferencia con el tercero, CCOO, en casi 200 representantes m\u00e1s.<strong><br><\/strong><\/p>\n\n\n\n<p><strong>Resultados de elecciones sindicales en Nafarroa<\/strong><\/p>\n\n\n\n<p>Por otra parte, los resultados definitivos de Nafarroa son los siguientes:<\/p>\n\n\n\n<figure class=\"wp-block-image size-large\"><img loading=\"lazy\" decoding=\"async\" width=\"1024\" height=\"220\" src=\"https:\/\/www.lab.eus\/wp-content\/uploads\/2023\/02\/Naf-1-1024x220.png\" alt=\"\" class=\"wp-image-54211\" srcset=\"https:\/\/www.lab.eus\/wp-content\/uploads\/2023\/02\/Naf-1-1024x220.png 1024w, https:\/\/www.lab.eus\/wp-content\/uploads\/2023\/02\/Naf-1-300x64.png 300w, https:\/\/www.lab.eus\/wp-content\/uploads\/2023\/02\/Naf-1-768x165.png 768w, https:\/\/www.lab.eus\/wp-content\/uploads\/2023\/02\/Naf-1-150x32.png 150w, https:\/\/www.lab.eus\/wp-content\/uploads\/2023\/02\/Naf-1-696x149.png 696w, https:\/\/www.lab.eus\/wp-content\/uploads\/2023\/02\/Naf-1-1068x229.png 1068w, https:\/\/www.lab.eus\/wp-content\/uploads\/2023\/02\/Naf-1.png 1348w\" sizes=\"auto, (max-width: 1024px) 100vw, 1024px\" \/><\/figure>\n\n\n\n<p>As\u00ed, pese a descender un 0,13% entre 2021 y 2022, en Nafarroa LAB es el sindicato que m\u00e1s crece en cuatro a\u00f1os (+0,92%) por delante de ELA (+0,34%), mientras que CCOO se mantiene y UGT baja. De esa manera, el lento pero s\u00f3lido cambio que se viene dando desde 2010 ha tenido continuidad en los \u00faltimos cuatro a\u00f1os. Si en 2010 hab\u00eda una diferencia de 18 puntos entre UGT, antiguo primer sindicato, y LAB, en la actualidad es inferior a 8 puntos, si bien todav\u00eda hay \u00e1mbitos en los que no se garantiza al sindicato LAB el derecho a participar en igualdad de condiciones en las elecciones. Otro dato a tener en cuenta es que en 2010 UGT y CCOO sumaban el 55,96% y en 2022 el 48,8%; es decir, estos dos sindicatos ya no tienen mayor\u00eda en Nafarroa.<\/p>\n\n\n\n<p><strong>Resultados de elecciones sindicales en Hego Euskal Herria<\/strong><\/p>\n\n\n\n<p>Seguidamente se recogen los datos de Hego Euskal Herria:<\/p>\n\n\n\n<figure class=\"wp-block-image size-large\"><img loading=\"lazy\" decoding=\"async\" width=\"1024\" height=\"216\" src=\"https:\/\/www.lab.eus\/wp-content\/uploads\/2023\/02\/HEH-1-1024x216.png\" alt=\"\" class=\"wp-image-54208\" srcset=\"https:\/\/www.lab.eus\/wp-content\/uploads\/2023\/02\/HEH-1-1024x216.png 1024w, https:\/\/www.lab.eus\/wp-content\/uploads\/2023\/02\/HEH-1-300x63.png 300w, https:\/\/www.lab.eus\/wp-content\/uploads\/2023\/02\/HEH-1-768x162.png 768w, https:\/\/www.lab.eus\/wp-content\/uploads\/2023\/02\/HEH-1-150x32.png 150w, https:\/\/www.lab.eus\/wp-content\/uploads\/2023\/02\/HEH-1-696x147.png 696w, https:\/\/www.lab.eus\/wp-content\/uploads\/2023\/02\/HEH-1-1068x225.png 1068w, https:\/\/www.lab.eus\/wp-content\/uploads\/2023\/02\/HEH-1.png 1344w\" sizes=\"auto, (max-width: 1024px) 100vw, 1024px\" \/><\/figure>\n\n\n\n<p>Tal y como se puede observar, LAB es el \u00fanico sindicato que crece, mientras el resto se mantiene (UGT, CCOO) o desciende ligeramente (ELA).<\/p>\n\n\n\n<p><strong>Resultados de elecciones sindicales en Ipar Euskal Herria<\/strong><\/p>\n\n\n\n<p>Como es sabido, en las elecciones sindicales Iparralde no se considera circunscripci\u00f3n electoral y no hay datos generales sobre la representaci\u00f3n de cada sindicato. En cualquier caso, la fuerza de LAB se ha incrementado a lo largo de 2022 gracias a los resultados obtenidos en las elecciones celebradas en los servicios p\u00fablicos. Obtiene 5 representantes m\u00e1s en los ayuntamientos y es consigue representaci\u00f3n por primera vez en la educaci\u00f3n p\u00fablica.<\/p>\n\n\n\n<p><strong>Afiliaci\u00f3n en Euskal Herria<\/strong><\/p>\n\n\n\n<p>El crecimiento de LAB en afiliaci\u00f3n est\u00e1 siendo espectacular: casi un 14% en cuatro a\u00f1os. Ha pasado de 41.889 a 47.742 afiliados y afiliadas, casi 6.000 m\u00e1s. Es uno de los resultados del esfuerzo que est\u00e1 realizando el sindicato LAB para acercarse a sectores con condiciones laborales precarias.<\/p>\n\n\n\n<figure class=\"wp-block-image size-large\"><img loading=\"lazy\" decoding=\"async\" width=\"896\" height=\"382\" src=\"https:\/\/www.lab.eus\/wp-content\/uploads\/2023\/02\/Afiliacion.png\" alt=\"\" class=\"wp-image-54206\" srcset=\"https:\/\/www.lab.eus\/wp-content\/uploads\/2023\/02\/Afiliacion.png 896w, https:\/\/www.lab.eus\/wp-content\/uploads\/2023\/02\/Afiliacion-300x128.png 300w, https:\/\/www.lab.eus\/wp-content\/uploads\/2023\/02\/Afiliacion-768x327.png 768w, https:\/\/www.lab.eus\/wp-content\/uploads\/2023\/02\/Afiliacion-150x64.png 150w, https:\/\/www.lab.eus\/wp-content\/uploads\/2023\/02\/Afiliacion-696x297.png 696w\" sizes=\"auto, (max-width: 896px) 100vw, 896px\" \/><\/figure>\n\n\n\n<p>Cabe destacar que el porcentaje de mujeres en la afiliaci\u00f3n ha aumentado en los \u00faltimos cuatro a\u00f1os, pasando del 41,9% al 43,58%. Esto es un reflejo del trabajo que est\u00e1 realizando LAB en sectores feminizados.<\/p>\n","protected":false},"excerpt":{"rendered":"<p>Finalizada la primera fase del periodo concentrado de elecciones sindicales que se celebra cada cuatro a\u00f1os (desde septiembre y hasta el 31 de diciembre de 2022), las principales conclusiones son que LAB se acerca a la barrera del 20% en la CAV y se refuerza como segundo sindicato, mientras que en Nafarroa se estabiliza por encima del 17%, a menos de 8 puntos del primer sindicato.<\/p>\n","protected":false},"author":1191,"featured_media":53493,"comment_status":"closed","ping_status":"closed","sticky":false,"template":"","format":"standard","meta":{"_monsterinsights_skip_tracking":false,"_monsterinsights_sitenote_active":false,"_monsterinsights_sitenote_note":"","_monsterinsights_sitenote_category":0,"footnotes":"","_links_to":"","_links_to_target":""},"categories":[18,347],"tags":[3033,3180,3625,3589],"class_list":{"0":"post-54202","1":"post","2":"type-post","3":"status-publish","4":"format-standard","5":"has-post-thumbnail","7":"category-es-accion-sindical","8":"category-es-elecciones-sindicales-es-accion-sindical","9":"tag-accion-sindical-es","10":"tag-destacado-3","11":"tag-elecciones-sindicales","12":"tag-zurekinbagara-es"},"_links":{"self":[{"href":"https:\/\/www.lab.eus\/es\/wp-json\/wp\/v2\/posts\/54202","targetHints":{"allow":["GET"]}}],"collection":[{"href":"https:\/\/www.lab.eus\/es\/wp-json\/wp\/v2\/posts"}],"about":[{"href":"https:\/\/www.lab.eus\/es\/wp-json\/wp\/v2\/types\/post"}],"author":[{"embeddable":true,"href":"https:\/\/www.lab.eus\/es\/wp-json\/wp\/v2\/users\/1191"}],"replies":[{"embeddable":true,"href":"https:\/\/www.lab.eus\/es\/wp-json\/wp\/v2\/comments?post=54202"}],"version-history":[{"count":0,"href":"https:\/\/www.lab.eus\/es\/wp-json\/wp\/v2\/posts\/54202\/revisions"}],"wp:featuredmedia":[{"embeddable":true,"href":"https:\/\/www.lab.eus\/es\/wp-json\/wp\/v2\/media\/53493"}],"wp:attachment":[{"href":"https:\/\/www.lab.eus\/es\/wp-json\/wp\/v2\/media?parent=54202"}],"wp:term":[{"taxonomy":"category","embeddable":true,"href":"https:\/\/www.lab.eus\/es\/wp-json\/wp\/v2\/categories?post=54202"},{"taxonomy":"post_tag","embeddable":true,"href":"https:\/\/www.lab.eus\/es\/wp-json\/wp\/v2\/tags?post=54202"}],"curies":[{"name":"wp","href":"https:\/\/api.w.org\/{rel}","templated":true}]}}