{"id":54182,"date":"2023-02-01T16:40:37","date_gmt":"2023-02-01T16:40:37","guid":{"rendered":"https:\/\/www.lab.eus\/?p=54182"},"modified":"2023-02-03T08:44:03","modified_gmt":"2023-02-03T08:44:03","slug":"la-mayoria-sindical-del-metal-de-bizkaia-hemos-ratificado-en-asambleas-la-propuesta-de-mediacion","status":"publish","type":"post","link":"https:\/\/www.lab.eus\/es\/la-mayoria-sindical-del-metal-de-bizkaia-hemos-ratificado-en-asambleas-la-propuesta-de-mediacion\/","title":{"rendered":"La mayor\u00eda sindical del Metal de Bizkaia hemos ratificado en asambleas la propuesta de mediaci\u00f3n"},"content":{"rendered":"\n<p>LAB, CCOO y UGT hemos realizado asambleas con nuestras delegadas, delegados y militancia a lo largo del d\u00eda de hoy para acordar la postura de cada organizaci\u00f3n respecto a la propuesta de mediaci\u00f3n.<\/p>\n\n\n\n<p>Los tres sindicatos anunciamos que en todas las asambleas se ha ratificado la propuesta presentada por la consejer\u00eda de Empleo y Trabajo del Gobierno Vasco.<\/p>\n","protected":false},"excerpt":{"rendered":"<p>LAB, CCOO y UGT hemos realizado asambleas con nuestras delegadas, delegados y militancia a lo largo del d\u00eda de hoy para acordar la postura de cada organizaci\u00f3n respecto a la propuesta de mediaci\u00f3n. Los tres sindicatos anunciamos que en todas las asambleas se ha ratificado la propuesta presentada por la consejer\u00eda de Empleo y Trabajo del Gobierno Vasco.<\/p>\n","protected":false},"author":1191,"featured_media":54264,"comment_status":"closed","ping_status":"closed","sticky":false,"template":"","format":"standard","meta":{"_monsterinsights_skip_tracking":false,"_monsterinsights_sitenote_active":false,"_monsterinsights_sitenote_note":"","_monsterinsights_sitenote_category":0,"footnotes":"","_links_to":"","_links_to_target":""},"categories":[18,2867,2868,108],"tags":[3033,3178,2996,3064,3473],"class_list":{"0":"post-54182","1":"post","2":"type-post","3":"status-publish","4":"format-standard","5":"has-post-thumbnail","7":"category-es-accion-sindical","8":"category-federaciones","9":"category-industria-es","10":"category-es-metal","11":"tag-accion-sindical-es","12":"tag-destacado-1","13":"tag-industria-es","14":"tag-metal-es","15":"tag-metal-de-bizkaia"},"_links":{"self":[{"href":"https:\/\/www.lab.eus\/es\/wp-json\/wp\/v2\/posts\/54182","targetHints":{"allow":["GET"]}}],"collection":[{"href":"https:\/\/www.lab.eus\/es\/wp-json\/wp\/v2\/posts"}],"about":[{"href":"https:\/\/www.lab.eus\/es\/wp-json\/wp\/v2\/types\/post"}],"author":[{"embeddable":true,"href":"https:\/\/www.lab.eus\/es\/wp-json\/wp\/v2\/users\/1191"}],"replies":[{"embeddable":true,"href":"https:\/\/www.lab.eus\/es\/wp-json\/wp\/v2\/comments?post=54182"}],"version-history":[{"count":0,"href":"https:\/\/www.lab.eus\/es\/wp-json\/wp\/v2\/posts\/54182\/revisions"}],"wp:featuredmedia":[{"embeddable":true,"href":"https:\/\/www.lab.eus\/es\/wp-json\/wp\/v2\/media\/54264"}],"wp:attachment":[{"href":"https:\/\/www.lab.eus\/es\/wp-json\/wp\/v2\/media?parent=54182"}],"wp:term":[{"taxonomy":"category","embeddable":true,"href":"https:\/\/www.lab.eus\/es\/wp-json\/wp\/v2\/categories?post=54182"},{"taxonomy":"post_tag","embeddable":true,"href":"https:\/\/www.lab.eus\/es\/wp-json\/wp\/v2\/tags?post=54182"}],"curies":[{"name":"wp","href":"https:\/\/api.w.org\/{rel}","templated":true}]}}