{"id":54173,"date":"2023-02-01T12:34:18","date_gmt":"2023-02-01T12:34:18","guid":{"rendered":"https:\/\/www.lab.eus\/?p=54173"},"modified":"2023-02-01T12:55:29","modified_gmt":"2023-02-01T12:55:29","slug":"igor-arroyo-lo-que-pide-el-sindicato-medico-no-tiene-ni-pies-ni-cabeza-seguir-cobrando-el-suplemento-por-exclusividad-y-al-mismo-tiempo-poder-abrir-una-consulta-privada","status":"publish","type":"post","link":"https:\/\/www.lab.eus\/es\/igor-arroyo-lo-que-pide-el-sindicato-medico-no-tiene-ni-pies-ni-cabeza-seguir-cobrando-el-suplemento-por-exclusividad-y-al-mismo-tiempo-poder-abrir-una-consulta-privada\/","title":{"rendered":"Igor Arroyo: \u00abLo que pide el Sindicato M\u00e9dico no tiene ni pies ni cabeza: seguir cobrando el suplemento por exclusividad y al mismo tiempo poder abrir una consulta privada\u00bb"},"content":{"rendered":"\n<p>El coordinador general de LAB, Igor Arroyo, ha sido preguntado esta ma\u00f1ana en Naiz Irratia por el debate sobre la eliminaci\u00f3n de la exclusividad en la sanidad p\u00fablica navarra. Pues bien, se muestra cr\u00edtico tanto con el Gobierno como con la petici\u00f3n del Sindicato M\u00e9dico, que ha descrito como \u00abpeculiar\u00bb. Acusa de clasismo a los profesionales m\u00e9dicos que quieren quitan la exclusividad pero que, sin embargo, pretenden continuar cobrando el suplemento que se paga a cambio de ese compromiso de trabajar exclusivamente en Osasunbidea. Recuerda, sin embargo, que el Sindicato M\u00e9dico no representa a todo el personal sanitario y subraya que hay profesionales con conciencia de clase, muchos de ellos vinculados a LAB.<br><br>Adem\u00e1s, Arroyo se ha pronunciado ante el micr\u00f3fono sobre otros muchos temas relacionados con la actualidad, como, por ejemplo, la medida anunciada ayer mismo por el Estado espa\u00f1ol, seg\u00fan la cual el salario m\u00ednimo pasar\u00e1 a ser de 1.080 euros. Aunque Igor Arroyo cree que es una buena noticia, subraya que el incremento se queda corto para responder a la realidad de Hego Euskal Herria. De hecho, ha recordado que, siguiendo el criterio de que el salario m\u00ednimo equivalga al 60% de la media, deber\u00eda ser de 1.400 euros en Araba, Bizkaia, Gipuzkoa y Nafarroa.<br><br>La entrevista completa se puede escuchar en el siguiente enlace: <a href=\"https:\/\/irratia.naiz.eus\/es\/info_irratia\/20230201\/medico-sindicatos-rendimiento-personal-mirar-dio-no-servicio-publico\">https:\/\/irratia.naiz.eus\/es\/info_irratia\/20230201\/medico-sindicatos-rendimiento-personal-mirar-dio-no-servicio-publico<\/a><\/p>\n","protected":false},"excerpt":{"rendered":"<p>El coordinador general de LAB, Igor Arroyo, ha sido preguntado esta ma\u00f1ana en Naiz Irratia por el debate sobre la eliminaci\u00f3n de la exclusividad en la sanidad p\u00fablica navarra. Pues bien, se muestra cr\u00edtico tanto con el Gobierno como con la petici\u00f3n del Sindicato M\u00e9dico, que ha descrito como \u00abpeculiar\u00bb. Acusa de clasismo a los profesionales m\u00e9dicos que quieren quitan la exclusividad pero que, sin embargo, pretenden continuar cobrando el suplemento que se paga a cambio de ese compromiso de trabajar exclusivamente en Osasunbidea. Recuerda, sin embargo, que el Sindicato M\u00e9dico no representa a todo el personal sanitario y subraya que hay profesionales con conciencia de clase, muchos de ellos vinculados a LAB.<\/p>\n","protected":false},"author":1191,"featured_media":54176,"comment_status":"closed","ping_status":"closed","sticky":false,"template":"","format":"standard","meta":{"_monsterinsights_skip_tracking":false,"_monsterinsights_sitenote_active":false,"_monsterinsights_sitenote_note":"","_monsterinsights_sitenote_category":0,"footnotes":"","_links_to":"","_links_to_target":""},"categories":[78,3118,3097,6],"tags":[3180,3196,3355,3678],"class_list":{"0":"post-54173","1":"post","2":"type-post","3":"status-publish","4":"format-standard","5":"has-post-thumbnail","7":"category-es-administracion-de-navarra-es-servicios-publicos","8":"category-politica-de-empleo","9":"category-sanidad","10":"category-es-servicios-publicos","11":"tag-destacado-3","12":"tag-nafarroa-es-2","13":"tag-osasunbidea-es","14":"tag-sueldos"},"_links":{"self":[{"href":"https:\/\/www.lab.eus\/es\/wp-json\/wp\/v2\/posts\/54173","targetHints":{"allow":["GET"]}}],"collection":[{"href":"https:\/\/www.lab.eus\/es\/wp-json\/wp\/v2\/posts"}],"about":[{"href":"https:\/\/www.lab.eus\/es\/wp-json\/wp\/v2\/types\/post"}],"author":[{"embeddable":true,"href":"https:\/\/www.lab.eus\/es\/wp-json\/wp\/v2\/users\/1191"}],"replies":[{"embeddable":true,"href":"https:\/\/www.lab.eus\/es\/wp-json\/wp\/v2\/comments?post=54173"}],"version-history":[{"count":0,"href":"https:\/\/www.lab.eus\/es\/wp-json\/wp\/v2\/posts\/54173\/revisions"}],"wp:featuredmedia":[{"embeddable":true,"href":"https:\/\/www.lab.eus\/es\/wp-json\/wp\/v2\/media\/54176"}],"wp:attachment":[{"href":"https:\/\/www.lab.eus\/es\/wp-json\/wp\/v2\/media?parent=54173"}],"wp:term":[{"taxonomy":"category","embeddable":true,"href":"https:\/\/www.lab.eus\/es\/wp-json\/wp\/v2\/categories?post=54173"},{"taxonomy":"post_tag","embeddable":true,"href":"https:\/\/www.lab.eus\/es\/wp-json\/wp\/v2\/tags?post=54173"}],"curies":[{"name":"wp","href":"https:\/\/api.w.org\/{rel}","templated":true}]}}