{"id":54164,"date":"2023-02-01T11:11:32","date_gmt":"2023-02-01T11:11:32","guid":{"rendered":"https:\/\/www.lab.eus\/?p=54164"},"modified":"2023-02-01T11:38:08","modified_gmt":"2023-02-01T11:38:08","slug":"lab-reivindica-la-dignificacion-de-los-salarios-para-el-reparto-de-la-riqueza-asi-como-una-nueva-politica-fiscal","status":"publish","type":"post","link":"https:\/\/www.lab.eus\/es\/lab-reivindica-la-dignificacion-de-los-salarios-para-el-reparto-de-la-riqueza-asi-como-una-nueva-politica-fiscal\/","title":{"rendered":"Reivindicamos la dignificaci\u00f3n de los salarios para el reparto de la riqueza, as\u00ed como una nueva pol\u00edtica fiscal"},"content":{"rendered":"\n<p>Las pol\u00edticas de reparto de la riqueza, tanto por la v\u00eda de la dignificaci\u00f3n salarial como de la pol\u00edtica presupuestaria y fiscal, son necesarias para hacer frente a la precarizaci\u00f3n y empobrecimiento de las condiciones de vida de los trabajadores y las trabajadoras.<\/p>\n\n\n\n<p>Ayer se alcanz\u00f3 un acuerdo entre el Gobierno central y CCOO y UGT para actualizar el salario m\u00ednimo. Aunque el incremento del salario m\u00ednimo suponga una buena medida para combatir el empobrecimiento, la que ayer se acord\u00f3 es una subida que se queda corta para responder a la realidad de Euskal Herria.<\/p>\n\n\n\n<p>Tal y como establece la Carta Social Europea, LAB defiende que el salario m\u00ednimo debe fijarse en el 60% del salario medio, cifra que en Hego Euskal Herria es de 1.400 euros. Para llegar a esa cantidad no hace falta m\u00e1s que voluntad; la falta de competencias es una mera excusa. LAB ha hecho un llamamiento a la patronal para que apueste por un Acuerdo Intersectorial y ha pedido al Gobierno que interpele a los empresarios en este sentido. Asimismo, el sindicato considera imprescindible mantener el poder adquisitivo de los salarios. Junto con ello, hay que apostar por pol\u00edticas p\u00fablicas redistributivas, y para eso necesitamos una nueva pol\u00edtica fiscal. Ayer supimos que PNV y PSE hab\u00edan manifestado su intenci\u00f3n de abrir este debate. Hacen falta cambios profundos, no es momento para el lavado de caras. Reivindicamos la necesidad de que la nueva pol\u00edtica fiscal garantice la participaci\u00f3n social en este debate para dar respuesta a las necesidades de las y los trabajadores.<\/p>\n\n\n\n<p>LAB lleva tiempo reivindicando una nueva pol\u00edtica fiscal que recaude m\u00e1s y sea progresiva. Que grave m\u00e1s las rentas de capital y las ganancias empresariales. Hay margen para ello, ya que debemos recordar que en la actualidad el sistema tributario no es nada progresivo; m\u00e1s del 80% de la recaudaci\u00f3n total proviene de las rentas de trabajo. En cambio, el peso del impuesto de sociedades, es decir, del que pagan las empresas por sus beneficios, es solo del 7%. Mientras los trabajadores y las trabajadoras nos empobrecemos, los empresarios se enriquecen; son muchas las empresas con grandes beneficios que hacen repartos de dividendos ofensivos.<\/p>\n","protected":false},"excerpt":{"rendered":"<p>Las pol\u00edticas de reparto de la riqueza, tanto por la v\u00eda de la dignificaci\u00f3n salarial como de la pol\u00edtica presupuestaria y fiscal, son necesarias para hacer frente a la precarizaci\u00f3n y empobrecimiento de las condiciones de vida de los trabajadores y las trabajadoras.<\/p>\n","protected":false},"author":1191,"featured_media":54162,"comment_status":"closed","ping_status":"closed","sticky":false,"template":"","format":"standard","meta":{"_monsterinsights_skip_tracking":false,"_monsterinsights_sitenote_active":false,"_monsterinsights_sitenote_note":"","_monsterinsights_sitenote_category":0,"footnotes":"","_links_to":"","_links_to_target":""},"categories":[3402,2994,3340,2898],"tags":[3445,3182,3178,3674,3675],"class_list":{"0":"post-54164","1":"post","2":"type-post","3":"status-publish","4":"format-standard","5":"has-post-thumbnail","7":"category-accion-politica","8":"category-accion-social","9":"category-derechos-sociales","10":"category-precariedad-y-pobreza","11":"tag-accion-politica","12":"tag-accion-social-es","13":"tag-destacado-1","14":"tag-politicas-publicas","15":"tag-precarizacion-y-pobreza"},"_links":{"self":[{"href":"https:\/\/www.lab.eus\/es\/wp-json\/wp\/v2\/posts\/54164","targetHints":{"allow":["GET"]}}],"collection":[{"href":"https:\/\/www.lab.eus\/es\/wp-json\/wp\/v2\/posts"}],"about":[{"href":"https:\/\/www.lab.eus\/es\/wp-json\/wp\/v2\/types\/post"}],"author":[{"embeddable":true,"href":"https:\/\/www.lab.eus\/es\/wp-json\/wp\/v2\/users\/1191"}],"replies":[{"embeddable":true,"href":"https:\/\/www.lab.eus\/es\/wp-json\/wp\/v2\/comments?post=54164"}],"version-history":[{"count":0,"href":"https:\/\/www.lab.eus\/es\/wp-json\/wp\/v2\/posts\/54164\/revisions"}],"wp:featuredmedia":[{"embeddable":true,"href":"https:\/\/www.lab.eus\/es\/wp-json\/wp\/v2\/media\/54162"}],"wp:attachment":[{"href":"https:\/\/www.lab.eus\/es\/wp-json\/wp\/v2\/media?parent=54164"}],"wp:term":[{"taxonomy":"category","embeddable":true,"href":"https:\/\/www.lab.eus\/es\/wp-json\/wp\/v2\/categories?post=54164"},{"taxonomy":"post_tag","embeddable":true,"href":"https:\/\/www.lab.eus\/es\/wp-json\/wp\/v2\/tags?post=54164"}],"curies":[{"name":"wp","href":"https:\/\/api.w.org\/{rel}","templated":true}]}}