{"id":54083,"date":"2023-01-30T13:16:54","date_gmt":"2023-01-30T13:16:54","guid":{"rendered":"https:\/\/www.lab.eus\/?p=54083"},"modified":"2023-01-30T13:16:55","modified_gmt":"2023-01-30T13:16:55","slug":"llevaremos-a-la-asamblea-de-trabajadores-y-trabajadoras-la-propuesta-realizada-por-el-gobierno-vasco-en-la-negociacion-del-metal-de-bizkaia","status":"publish","type":"post","link":"https:\/\/www.lab.eus\/es\/llevaremos-a-la-asamblea-de-trabajadores-y-trabajadoras-la-propuesta-realizada-por-el-gobierno-vasco-en-la-negociacion-del-metal-de-bizkaia\/","title":{"rendered":"Llevaremos a la asamblea de trabajadores y trabajadoras la propuesta realizada por el Gobierno Vasco en la negociaci\u00f3n del metal de Bizkaia"},"content":{"rendered":"\n<p>La consejer\u00eda de Trabajo y Empleo ha presentado una propuesta en la mediaci\u00f3n del Metal de Bizkaia que los sindicatos llevar\u00e1n a asambleas. LAB, CCOO y UGT se\u00f1alamos que la propuesta no conlleva retrocesos y que los avances que recoge la misma son gracias a la lucha de las trabajadoras del sector y a las 11 jornadas de huelga.<\/p>\n\n\n\n<p>La citada propuesta recoge los siguientes puntos:<\/p>\n\n\n\n<p>-Vigencia del convenio: 2022-2025.<br>-Subida del 15%, cl\u00e1usula de revisi\u00f3n de IPCs.<br>-Subrogaci\u00f3n para personal del instalaciones y mantenimientos de l\u00edneas telef\u00f3nicas y fibra \u00f3ptica.<br>-Inicio de permisos y licencias en d\u00eda laborable, y el disfrute a lo que marque la jurisprudencia.<br>-Mejoras hasta los 28000\u20ac los seguros de incapacidad y muerte por accidente.<br>-Inclusi\u00f3n de personas LGTBI+ en protocolos de acoso .<br>-8 horas de libre disposici\u00f3n, 4 de ellas de car\u00e1cter no recuperable.<\/p>\n\n\n\n<p>Esta propuesta no recoge ni un solo retroceso en derechos para las trabajadoras y trabajadores del Metal de Bizkaia y los avances se han logrado gracias a la lucha y las 11 jornadas de huelga llevadas a cabo en el sector.<\/p>\n\n\n\n<p>Esta propuesta se llevar\u00e1 a asambleas en cada sindicato para decidir sobre la misma.<\/p>\n","protected":false},"excerpt":{"rendered":"<p>La consejer\u00eda de Trabajo y Empleo ha presentado una propuesta en la mediaci\u00f3n del Metal de Bizkaia que los sindicatos llevar\u00e1n a asambleas. LAB, CCOO y UGT se\u00f1alamos que la propuesta no conlleva retrocesos y que los avances que recoge la misma son gracias a la lucha de las trabajadoras del sector y a las 11 jornadas de huelga.<\/p>\n","protected":false},"author":1191,"featured_media":54084,"comment_status":"closed","ping_status":"closed","sticky":false,"template":"","format":"standard","meta":{"_monsterinsights_skip_tracking":false,"_monsterinsights_sitenote_active":false,"_monsterinsights_sitenote_note":"","_monsterinsights_sitenote_category":0,"footnotes":"","_links_to":"","_links_to_target":""},"categories":[18,2867,2868,108],"tags":[3033,3178,3064,3473],"class_list":{"0":"post-54083","1":"post","2":"type-post","3":"status-publish","4":"format-standard","5":"has-post-thumbnail","7":"category-es-accion-sindical","8":"category-federaciones","9":"category-industria-es","10":"category-es-metal","11":"tag-accion-sindical-es","12":"tag-destacado-1","13":"tag-metal-es","14":"tag-metal-de-bizkaia"},"_links":{"self":[{"href":"https:\/\/www.lab.eus\/es\/wp-json\/wp\/v2\/posts\/54083","targetHints":{"allow":["GET"]}}],"collection":[{"href":"https:\/\/www.lab.eus\/es\/wp-json\/wp\/v2\/posts"}],"about":[{"href":"https:\/\/www.lab.eus\/es\/wp-json\/wp\/v2\/types\/post"}],"author":[{"embeddable":true,"href":"https:\/\/www.lab.eus\/es\/wp-json\/wp\/v2\/users\/1191"}],"replies":[{"embeddable":true,"href":"https:\/\/www.lab.eus\/es\/wp-json\/wp\/v2\/comments?post=54083"}],"version-history":[{"count":0,"href":"https:\/\/www.lab.eus\/es\/wp-json\/wp\/v2\/posts\/54083\/revisions"}],"wp:featuredmedia":[{"embeddable":true,"href":"https:\/\/www.lab.eus\/es\/wp-json\/wp\/v2\/media\/54084"}],"wp:attachment":[{"href":"https:\/\/www.lab.eus\/es\/wp-json\/wp\/v2\/media?parent=54083"}],"wp:term":[{"taxonomy":"category","embeddable":true,"href":"https:\/\/www.lab.eus\/es\/wp-json\/wp\/v2\/categories?post=54083"},{"taxonomy":"post_tag","embeddable":true,"href":"https:\/\/www.lab.eus\/es\/wp-json\/wp\/v2\/tags?post=54083"}],"curies":[{"name":"wp","href":"https:\/\/api.w.org\/{rel}","templated":true}]}}