{"id":54020,"date":"2023-01-27T11:18:47","date_gmt":"2023-01-27T11:18:47","guid":{"rendered":"https:\/\/www.lab.eus\/?p=54020"},"modified":"2023-01-27T12:29:32","modified_gmt":"2023-01-27T12:29:32","slug":"hemos-conseguido-un-acuerdo-que-mejora-las-condiciones-laborales-de-toda-la-plantilla-en-la-residencia-de-mayores-que-tiene-la-empresa-zaintzen-en-pasaia-lortudugu","status":"publish","type":"post","link":"https:\/\/www.lab.eus\/es\/hemos-conseguido-un-acuerdo-que-mejora-las-condiciones-laborales-de-toda-la-plantilla-en-la-residencia-de-mayores-que-tiene-la-empresa-zaintzen-en-pasaia-lortudugu\/","title":{"rendered":"Hemos conseguido un acuerdo que mejora las condiciones laborales de toda la plantilla en la residencia de mayores que tiene la empresa Zaintzen en Pasaia #LortuDugu"},"content":{"rendered":"\n<p>El comit\u00e9 de empresa de la residencia de personas mayores que tiene la empresa Zaintzen en Pasaia ha llegado a un acuerdo con la empresa consiguiendo las siguientes mejoras para todo el personal que trabaja en la misma: la plantilla tendr\u00e1 un incremento salarial del 12,76%, percibir\u00e1 atrasos de 2022 por importe de 2660,42 euros y se incrementa la antig\u00fcedad en 4 \u20ac. Desde LAB queremos felicitar al comit\u00e9 y a todas las trabajadoras por haber conseguido los merecidos incrementos salariales. En esta residencia de Zaintzen en Pasaia trabajan alrededor de 40 personas.<\/p>\n\n\n\n<p>Nos gustar\u00eda destacar que estos incrementos se hayan conseguido para todos los trabajadores de la residencia, incluidos los que est\u00e1n trabajando en limpieza y cocina. Desde LAB apostamos por fomentar y fortalecer la igualdad, la solidaridad y la unidad entre los y las trabajadoras.<\/p>\n\n\n\n<p>Somos conscientes de que tenemos por delante una larga lucha por el reconocimiento que merecen los cuidados, pero esta victoria merece nuestra alegr\u00eda y reconocimiento.<\/p>\n\n\n\n<p>Por lo tanto, enhorabuena a todos y a todas, porque poner en el centro los trabajajos de cuidados y luchar con las trabajadoras es una prioridad de LAB y nos tendr\u00e9is siempre a vuestro lado.<\/p>\n","protected":false},"excerpt":{"rendered":"<p>El comit\u00e9 de empresa de la residencia de personas mayores que tiene la empresa Zaintzen en Pasaia ha llegado a un acuerdo con la empresa consiguiendo las siguientes mejoras para todo el personal que trabaja en la misma: la plantilla tendr\u00e1 un incremento salarial del 12,76%, percibir\u00e1 atrasos de 2022 por importe de 2660,42 euros y se incrementa la antig\u00fcedad en 4 \u20ac. Desde LAB queremos felicitar al comit\u00e9 y a todas las trabajadoras por haber conseguido los merecidos incrementos salariales. En esta residencia de Zaintzen en Pasaia trabajan alrededor de 40 personas.<\/p>\n","protected":false},"author":1191,"featured_media":54033,"comment_status":"closed","ping_status":"closed","sticky":false,"template":"","format":"standard","meta":{"_monsterinsights_skip_tracking":false,"_monsterinsights_sitenote_active":false,"_monsterinsights_sitenote_note":"","_monsterinsights_sitenote_category":0,"footnotes":"","_links_to":"","_links_to_target":""},"categories":[18,2867,2961,8],"tags":[3033,3179,3066,3273,3172],"class_list":{"0":"post-54020","1":"post","2":"type-post","3":"status-publish","4":"format-standard","5":"has-post-thumbnail","7":"category-es-accion-sindical","8":"category-federaciones","9":"category-residencias-personas-mayores","10":"category-es-servicios-privados","11":"tag-accion-sindical-es","12":"tag-destacado-2","13":"tag-federaciones-es","14":"tag-residencia-de-mayores","15":"tag-servicios-privados-es"},"_links":{"self":[{"href":"https:\/\/www.lab.eus\/es\/wp-json\/wp\/v2\/posts\/54020","targetHints":{"allow":["GET"]}}],"collection":[{"href":"https:\/\/www.lab.eus\/es\/wp-json\/wp\/v2\/posts"}],"about":[{"href":"https:\/\/www.lab.eus\/es\/wp-json\/wp\/v2\/types\/post"}],"author":[{"embeddable":true,"href":"https:\/\/www.lab.eus\/es\/wp-json\/wp\/v2\/users\/1191"}],"replies":[{"embeddable":true,"href":"https:\/\/www.lab.eus\/es\/wp-json\/wp\/v2\/comments?post=54020"}],"version-history":[{"count":0,"href":"https:\/\/www.lab.eus\/es\/wp-json\/wp\/v2\/posts\/54020\/revisions"}],"wp:featuredmedia":[{"embeddable":true,"href":"https:\/\/www.lab.eus\/es\/wp-json\/wp\/v2\/media\/54033"}],"wp:attachment":[{"href":"https:\/\/www.lab.eus\/es\/wp-json\/wp\/v2\/media?parent=54020"}],"wp:term":[{"taxonomy":"category","embeddable":true,"href":"https:\/\/www.lab.eus\/es\/wp-json\/wp\/v2\/categories?post=54020"},{"taxonomy":"post_tag","embeddable":true,"href":"https:\/\/www.lab.eus\/es\/wp-json\/wp\/v2\/tags?post=54020"}],"curies":[{"name":"wp","href":"https:\/\/api.w.org\/{rel}","templated":true}]}}