{"id":53907,"date":"2023-01-25T08:57:07","date_gmt":"2023-01-25T08:57:07","guid":{"rendered":"https:\/\/www.lab.eus\/?p=53907"},"modified":"2023-01-25T08:57:09","modified_gmt":"2023-01-25T08:57:09","slug":"presentamos-a-osakidetza-una-propuesta-conjunta-de-ambitos-electorales","status":"publish","type":"post","link":"https:\/\/www.lab.eus\/es\/presentamos-a-osakidetza-una-propuesta-conjunta-de-ambitos-electorales\/","title":{"rendered":"Presentamos a Osakidetza una propuesta conjunta de \u00e1mbitos electorales"},"content":{"rendered":"\n<p>Se trata de la tercera que presentamos los sindicatos LAB, SATSE, ELA, SME, UGT USAE y UTESE, tras no recibir ninguna respuesta a la anterior, presentada en 2019. La negativa de Osakidetza a negociar los nuevos \u00e1mbitos electorales ha impedido la celebraci\u00f3n de nuevas elecciones sindicales. Una reciente sentencia ha establecido que los \u00e1mbitos anteriores quedaron derogados desde el momento en el que entr\u00f3 en vigor la nueva organizaci\u00f3n en Organizaciones Sanitarias Integradas (OSI).<\/p>\n\n\n\n<p>Los Sindicatos LAB, SATSE, ELA, SME, UGT, USAE y UTESE hemos presentado a Osakidetza una nueva propuesta conjunta de \u00e1mbitos electorales que se adapten a la nueva organizaci\u00f3n del ente en Organizaciones Sanitarias Integradas. Este es el tercer intento que hacemos estos mismos sindicatos, que ya en los a\u00f1os 2015 y 2019 presentamos otras dos propuestas conjuntas, a la \u00faltima de las cuales, Osakidetza ni siquiera contest\u00f3.<\/p>\n\n\n\n<p>Hemos denunciado de manera reiterada el bloqueo que existe en la Mesa Sectorial de Sanidad, en la que no hay ning\u00fan tipo de negociaci\u00f3n y en la que Osakidetza impone los contenidos y la agenda. Ello nos ha llevado a levantarnos de la mesa y a explorar sin \u00e9xito otras v\u00edas: hemos convocado a Osakidetza en dos ocasiones en el Consejo de Relaciones Laborales (no ha acudido en ninguna de ellas) y hemos mantenido una reuni\u00f3n con la Consejera de Salud. Las elecciones sindicales son un buen ejemplo de este bloqueo y de esta falta de voluntad negociadora.<\/p>\n\n\n\n<p>Las \u00faltimas elecciones sindicales se celebraron en el a\u00f1o 2014. Con posterioridad a las mismas, Osakidetza decidi\u00f3 modificar su estructura organizativa, pasando a organizarse en OSIs. Ello hizo que los \u00e1mbitos electorales pactados con anterioridad dejasen de tener validez, ya que no representaban adecuadamente la nueva realidad y no eran \u00fatiles para una eficaz interlocuci\u00f3n entre la direcci\u00f3n de cada una de las OSIs y la representaci\u00f3n de la plantilla. Es m\u00e1s, una reciente sentencia ha declarado que los \u00e1mbitos electorales anteriores quedaron derogados cuando entr\u00f3 en vigor la nueva organizaci\u00f3n.<\/p>\n\n\n\n<p>Los Sindicatos LAB, SATSE, ELA, SME, UGT, USAE y UTESE queremos remarcar nuestra voluntad inequ\u00edvoca de resolver esta situaci\u00f3n de bloqueo, que ha impedido que se puedan renovar los \u00f3rganos de representaci\u00f3n y que la plantilla pueda elegir a sus leg\u00edtimos representantes. Ello ha sido consecuencia directa de la nula voluntad de Osakidetza de abordar esta cuesti\u00f3n e iniciar un proceso negociador sobre los nuevos \u00e1mbitos electorales. Las elecciones sindicales son uno de los ejes del derecho fundamental a la libertad sindical, derecho que Osakidetza ha coartado de manera sistem\u00e1tica.<\/p>\n\n\n\n<p>Exigimos a Osakidetza que, de una vez por todas, d\u00e9 los pasos necesarios para negociar unos nuevos \u00e1mbitos electorales que desemboquen en unas elecciones sindicales con todas las garant\u00edas.<\/p>\n","protected":false},"excerpt":{"rendered":"<p>Se trata de la tercera que presentamos los sindicatos LAB, SATSE, ELA, SME, UGT USAE y UTESE, tras no recibir ninguna respuesta a la anterior, presentada en 2019. La negativa de Osakidetza a negociar los nuevos \u00e1mbitos electorales ha impedido la celebraci\u00f3n de nuevas elecciones sindicales. Una reciente sentencia ha establecido que los \u00e1mbitos anteriores quedaron derogados desde el momento en el que entr\u00f3 en vigor la nueva organizaci\u00f3n en Organizaciones Sanitarias Integradas (OSI).<\/p>\n","protected":false},"author":1191,"featured_media":53493,"comment_status":"closed","ping_status":"closed","sticky":false,"template":"","format":"standard","meta":{"_monsterinsights_skip_tracking":false,"_monsterinsights_sitenote_active":false,"_monsterinsights_sitenote_note":"","_monsterinsights_sitenote_category":0,"footnotes":"","_links_to":"","_links_to_target":""},"categories":[18,347,3039,3097,6],"tags":[3033,3178,3625,3195,3100,3171],"class_list":{"0":"post-53907","1":"post","2":"type-post","3":"status-publish","4":"format-standard","5":"has-post-thumbnail","7":"category-es-accion-sindical","8":"category-es-elecciones-sindicales-es-accion-sindical","9":"category-osakidetza-es-2","10":"category-sanidad","11":"category-es-servicios-publicos","12":"tag-accion-sindical-es","13":"tag-destacado-1","14":"tag-elecciones-sindicales","15":"tag-osakidetza-es","16":"tag-sanidad-es","17":"tag-servicios-publicos-es"},"_links":{"self":[{"href":"https:\/\/www.lab.eus\/es\/wp-json\/wp\/v2\/posts\/53907","targetHints":{"allow":["GET"]}}],"collection":[{"href":"https:\/\/www.lab.eus\/es\/wp-json\/wp\/v2\/posts"}],"about":[{"href":"https:\/\/www.lab.eus\/es\/wp-json\/wp\/v2\/types\/post"}],"author":[{"embeddable":true,"href":"https:\/\/www.lab.eus\/es\/wp-json\/wp\/v2\/users\/1191"}],"replies":[{"embeddable":true,"href":"https:\/\/www.lab.eus\/es\/wp-json\/wp\/v2\/comments?post=53907"}],"version-history":[{"count":0,"href":"https:\/\/www.lab.eus\/es\/wp-json\/wp\/v2\/posts\/53907\/revisions"}],"wp:featuredmedia":[{"embeddable":true,"href":"https:\/\/www.lab.eus\/es\/wp-json\/wp\/v2\/media\/53493"}],"wp:attachment":[{"href":"https:\/\/www.lab.eus\/es\/wp-json\/wp\/v2\/media?parent=53907"}],"wp:term":[{"taxonomy":"category","embeddable":true,"href":"https:\/\/www.lab.eus\/es\/wp-json\/wp\/v2\/categories?post=53907"},{"taxonomy":"post_tag","embeddable":true,"href":"https:\/\/www.lab.eus\/es\/wp-json\/wp\/v2\/tags?post=53907"}],"curies":[{"name":"wp","href":"https:\/\/api.w.org\/{rel}","templated":true}]}}