{"id":53749,"date":"2023-01-17T12:00:39","date_gmt":"2023-01-17T12:00:39","guid":{"rendered":"https:\/\/www.lab.eus\/?p=53749"},"modified":"2023-01-18T10:42:40","modified_gmt":"2023-01-18T10:42:40","slug":"reivindicaremos-que-quienes-interpusieron-demanda-contra-la-resolucion-del-primer-examen-de-la-ope-de-bomberos-y-bomberas-puedan-participar-en-el-segundo-examen","status":"publish","type":"post","link":"https:\/\/www.lab.eus\/es\/reivindicaremos-que-quienes-interpusieron-demanda-contra-la-resolucion-del-primer-examen-de-la-ope-de-bomberos-y-bomberas-puedan-participar-en-el-segundo-examen\/","title":{"rendered":"Reivindicaremos que quienes interpusieron recurso contra la resoluci\u00f3n del primer examen de la OPE de bomberos y bomberas puedan participar en el segundo examen"},"content":{"rendered":"\n<p>Hoy a las 15:30 se realizar\u00e1 el segundo examen de la OPE de bomberos y bomberas, en la Academia de Arkaute. LAB estar\u00e1 all\u00ed para garantizar que el derecho a presentarse se hace efectivo. De hecho, fueron muchos las y los candidatos que interpusieron recurso al primer examen, y los juzgados de Gasteiz obligaron a Arkaute a aceptar que ten\u00edan derecho a presentarse a este segundo examen en tanto no se resolviesen los recursos.<\/p>\n\n\n\n<p>Del mismo modo, LAB denuncia las chapuzas realizadas en la OPE conjunta y se\u00f1ala que seguir\u00e1 moviliz\u00e1ndonse y sum\u00e1ndonse a las acciones planteadas por el colectivo de bomberos y bomberas y reclamando cualquier otra chapuza en esta OPE que nunca debi\u00f3 existir. Adem\u00e1s, y exige a las administraciones que cuentan con servicios de bomberos y bomberas que nunca m\u00e1s vuelvan a encomendar a Arkaute una OPE como \u00e9sta.<\/p>\n\n\n\n<p>Primero, fue obligar a las y los aspirantes en el proceso de inscripci\u00f3n a firmar que se renunciaba a reclamar contra los ex\u00e1menes psicot\u00e9cnicos y a dar permiso para que investigasen sobre su pasado delictivo. Tras la denuncia de aquello, tuvieron que echarse atr\u00e1s.<\/p>\n\n\n\n<p>Despu\u00e9s vino el cambio de criterio del tribunal respecto a la ponderaci\u00f3n de los psicot\u00e9cnicos y lo hicieron al margen de la legalidad de los procedimientos administrativos.<\/p>\n\n\n\n<p>Ante la debacle causada, ya que no hab\u00eda personas aprobadas suficientes para cubrir los servicios, se inventaron una rebaremaci\u00f3n que no aparec\u00eda contemplada en las bases de la convocatoria, un lavado de cara, de nuevo sin seguir el procedimiento adecuado.<\/p>\n\n\n\n<p>Siguiendo con la chapuza, dieron un exiguo plazo de alegaciones de 3 d\u00edas sin haber publicado ni facilitado el cuadernillo de preguntas de algunos ex\u00e1menes. Y para acabar,&nbsp; no se pudo ejercer completamente el derecho a hacer el ejercicio en euskera, ya que el examen de habilidades verbales s\u00f3lo estaba en castellano.<\/p>\n\n\n\n<p>Ante tal chapuza, han sido cientos los recursos presentados durante el proceso. Y ante esos recursos, Arkaute ha reaccionado con su soberbia habitual; todos desestimados y prohibici\u00f3n de presentarse a los siguientes ex\u00e1menes a quienes los hab\u00edan presentado, aunque los recursos no hab\u00edan sido a\u00fan resueltos.<\/p>\n\n\n\n<p>Tanto desde el colectivo de bomberos y bomberas como desde los sindicatos se pidieron medidas cautelares de forma que se les permitiese seguir en el proceso selectivo.<\/p>\n\n\n\n<p>Y de nuevo han tenido que dar marcha atr\u00e1s, ya que los juzgados de Gasteiz les han obligado a aceptar que ten\u00edan derecho a presentarse al siguiente examen en tanto no se resolviese ese recurso.<\/p>\n","protected":false},"excerpt":{"rendered":"<p>Hoy a las 15:30 se realizar\u00e1 el segundo examen de la OPE de bomberos y bomberas, en la Academia de Arkaute. LAB estar\u00e1 all\u00ed para garantizar que el derecho a presentarse se hace efectivo. <\/p>\n","protected":false},"author":1189,"featured_media":53746,"comment_status":"closed","ping_status":"closed","sticky":false,"template":"","format":"standard","meta":{"_monsterinsights_skip_tracking":false,"_monsterinsights_sitenote_active":false,"_monsterinsights_sitenote_note":"","_monsterinsights_sitenote_category":0,"footnotes":"","_links_to":"","_links_to_target":""},"categories":[18,3108,2867,6],"tags":[3033,3178,3171],"class_list":{"0":"post-53749","1":"post","2":"type-post","3":"status-publish","4":"format-standard","5":"has-post-thumbnail","7":"category-es-accion-sindical","8":"category-administracion-municipal-y-foral","9":"category-federaciones","10":"category-es-servicios-publicos","11":"tag-accion-sindical-es","12":"tag-destacado-1","13":"tag-servicios-publicos-es"},"_links":{"self":[{"href":"https:\/\/www.lab.eus\/es\/wp-json\/wp\/v2\/posts\/53749","targetHints":{"allow":["GET"]}}],"collection":[{"href":"https:\/\/www.lab.eus\/es\/wp-json\/wp\/v2\/posts"}],"about":[{"href":"https:\/\/www.lab.eus\/es\/wp-json\/wp\/v2\/types\/post"}],"author":[{"embeddable":true,"href":"https:\/\/www.lab.eus\/es\/wp-json\/wp\/v2\/users\/1189"}],"replies":[{"embeddable":true,"href":"https:\/\/www.lab.eus\/es\/wp-json\/wp\/v2\/comments?post=53749"}],"version-history":[{"count":0,"href":"https:\/\/www.lab.eus\/es\/wp-json\/wp\/v2\/posts\/53749\/revisions"}],"wp:featuredmedia":[{"embeddable":true,"href":"https:\/\/www.lab.eus\/es\/wp-json\/wp\/v2\/media\/53746"}],"wp:attachment":[{"href":"https:\/\/www.lab.eus\/es\/wp-json\/wp\/v2\/media?parent=53749"}],"wp:term":[{"taxonomy":"category","embeddable":true,"href":"https:\/\/www.lab.eus\/es\/wp-json\/wp\/v2\/categories?post=53749"},{"taxonomy":"post_tag","embeddable":true,"href":"https:\/\/www.lab.eus\/es\/wp-json\/wp\/v2\/tags?post=53749"}],"curies":[{"name":"wp","href":"https:\/\/api.w.org\/{rel}","templated":true}]}}