{"id":53741,"date":"2023-01-17T09:52:54","date_gmt":"2023-01-17T09:52:54","guid":{"rendered":"https:\/\/www.lab.eus\/?p=53741"},"modified":"2023-01-17T09:52:56","modified_gmt":"2023-01-17T09:52:56","slug":"iniciamos-una-huelga-indefinida-en-talleres-abasolo-de-laudio-para-exigir-el-cobro-de-los-salarios-atrasados","status":"publish","type":"post","link":"https:\/\/www.lab.eus\/es\/iniciamos-una-huelga-indefinida-en-talleres-abasolo-de-laudio-para-exigir-el-cobro-de-los-salarios-atrasados\/","title":{"rendered":"Iniciamos una huelga indefinida en Talleres Ab\u00e1solo de Laudio para exigir el cobro de los salarios atrasados"},"content":{"rendered":"\n<p>LAB denuncia la situaci\u00f3n que est\u00e1n viviendo los 25 trabajadores y trabajadoras de Talleres Abasolo, en Laudio. La plantilla se encuentra en una situaci\u00f3n muy complicada, ya que tras un largo a\u00f1o de retrasos salariales, acumula una deuda de n\u00f3minas de 4 meses. El Consejo de administraci\u00f3n de la empresa no est\u00e1 dando ninguna respuesta a la situaci\u00f3n de impago que est\u00e1n viviendo, por lo que la plantilla inici\u00f3 ayer, 16 de enero, una huelga indefinida para exigir el cobro de sus salarios.<\/p>\n\n\n\n<p>Exigimos a los socios, que son quienes tienen la potestad para tomar decisiones sobre la empresa, que den la cara y pongan dinero si su objetivo es continuar con este proyecto. Talleres Ab\u00e1solo no puede pretender que todo el esfuerzo recaiga sobre la plantilla.<\/p>\n\n\n\n<p>Los trabajadores y trabajadoras no van a permitir seguir trabajando ni un d\u00eda m\u00e1s gratis y acumulando una deuda mayor. Ante esta situaci\u00f3n, ayer iniciaron una huelga indefinida para que se tome una decisi\u00f3n con la mayor celeridad posible sobre la viabilidad de la empresa y se le d\u00e9 una soluci\u00f3n a la deuda de 4 meses.<\/p>\n","protected":false},"excerpt":{"rendered":"<p>LAB denuncia la situaci\u00f3n que est\u00e1n viviendo los 25 trabajadores y trabajadoras de Talleres Abasolo, en Laudio. La plantilla se encuentra en una situaci\u00f3n muy complicada, ya que tras un largo a\u00f1o de retrasos salariales, acumula una deuda de n\u00f3minas de 4 meses.<\/p>\n","protected":false},"author":1189,"featured_media":53739,"comment_status":"closed","ping_status":"closed","sticky":false,"template":"","format":"standard","meta":{"_monsterinsights_skip_tracking":false,"_monsterinsights_sitenote_active":false,"_monsterinsights_sitenote_note":"","_monsterinsights_sitenote_category":0,"footnotes":"","_links_to":"","_links_to_target":""},"categories":[18,2868,108],"tags":[3033,3178,2996,3064],"class_list":{"0":"post-53741","1":"post","2":"type-post","3":"status-publish","4":"format-standard","5":"has-post-thumbnail","7":"category-es-accion-sindical","8":"category-industria-es","9":"category-es-metal","10":"tag-accion-sindical-es","11":"tag-destacado-1","12":"tag-industria-es","13":"tag-metal-es"},"_links":{"self":[{"href":"https:\/\/www.lab.eus\/es\/wp-json\/wp\/v2\/posts\/53741","targetHints":{"allow":["GET"]}}],"collection":[{"href":"https:\/\/www.lab.eus\/es\/wp-json\/wp\/v2\/posts"}],"about":[{"href":"https:\/\/www.lab.eus\/es\/wp-json\/wp\/v2\/types\/post"}],"author":[{"embeddable":true,"href":"https:\/\/www.lab.eus\/es\/wp-json\/wp\/v2\/users\/1189"}],"replies":[{"embeddable":true,"href":"https:\/\/www.lab.eus\/es\/wp-json\/wp\/v2\/comments?post=53741"}],"version-history":[{"count":0,"href":"https:\/\/www.lab.eus\/es\/wp-json\/wp\/v2\/posts\/53741\/revisions"}],"wp:featuredmedia":[{"embeddable":true,"href":"https:\/\/www.lab.eus\/es\/wp-json\/wp\/v2\/media\/53739"}],"wp:attachment":[{"href":"https:\/\/www.lab.eus\/es\/wp-json\/wp\/v2\/media?parent=53741"}],"wp:term":[{"taxonomy":"category","embeddable":true,"href":"https:\/\/www.lab.eus\/es\/wp-json\/wp\/v2\/categories?post=53741"},{"taxonomy":"post_tag","embeddable":true,"href":"https:\/\/www.lab.eus\/es\/wp-json\/wp\/v2\/tags?post=53741"}],"curies":[{"name":"wp","href":"https:\/\/api.w.org\/{rel}","templated":true}]}}