{"id":53570,"date":"2023-01-09T09:58:55","date_gmt":"2023-01-09T09:58:55","guid":{"rendered":"https:\/\/www.lab.eus\/?p=53570"},"modified":"2023-01-09T09:59:43","modified_gmt":"2023-01-09T09:59:43","slug":"hemos-registrado-una-solicitud-para-que-se-convoque-una-mesa-de-dialogo-con-el-objetivo-de-conseguir-un-servicio-de-calidad-en-los-comedores-y-transportes-escolares-de-eae","status":"publish","type":"post","link":"https:\/\/www.lab.eus\/es\/hemos-registrado-una-solicitud-para-que-se-convoque-una-mesa-de-dialogo-con-el-objetivo-de-conseguir-un-servicio-de-calidad-en-los-comedores-y-transportes-escolares-de-eae\/","title":{"rendered":"Hemos registrado una solicitud para que se convoque una mesa de di\u00e1logo con el objetivo de conseguir un servicio de calidad en los comedores y transportes escolares de EAE"},"content":{"rendered":"\n<p>Hoy, 9 de enero de 2023, hemos registrado una solicitud dirigida al Consejero de Educaci\u00f3n Jokin Bildarratz y al Viceconsejero de Administraci\u00f3n y Servicios Xabier Aizpurua para que convoquen urgentemente una mesa de di\u00e1logo con los y las representantes de las trabajadoras para iniciar un proceso de negociaci\u00f3n sobre las siguientes cuestiones:<\/p>\n\n\n\n<p>&nbsp; &nbsp; \u2022 La orden de 22 de marzo de 2000, del Consejero de Educaci\u00f3n, Universidades e Investigaci\u00f3n, por la que se regulan los comedores escolares de los centros docentes p\u00fablicos no universitarios de la Comunidad Aut\u00f3noma del Pa\u00eds Vasco en los niveles de ense\u00f1anza obligatoria y Educaci\u00f3n Infantil<\/p>\n\n\n\n<p>&nbsp; &nbsp; \u2022 La circular del Viceconsejero de administraci\u00f3n y servicios en relaci\u00f3n al funcionamiento de los comedores escolares de gesti\u00f3n directa.<\/p>\n\n\n\n<p>&nbsp; &nbsp; \u2022 El decreto 69\/2015, de 19 de mayo, sobre el transporte escolar del alumnado de los centros docentes p\u00fablicos no universitarios de la Comunidad Aut\u00f3noma del Pa\u00eds Vasco financiado por el Departamento competente en materia educativa.<\/p>\n\n\n\n<p>Queremos unos comedores escolares y un servicio de transporte escolar seguros y de calidad, tanto para el alumnado como para las trabajadoras y para ello es imprescindible que el Departamento de Educaci\u00f3n dote de m\u00e1s recursos.<\/p>\n","protected":false},"excerpt":{"rendered":"<p>Hemos registrado una solicitud dirigida al Consejero de Educaci\u00f3n Jokin Bildarratz y al Viceconsejero de Administraci\u00f3n y Servicios Xabier Aizpurua para que convoquen urgentemente una mesa de di\u00e1logo con los y las representantes de las trabajadoras para iniciar un proceso de negociaci\u00f3n.<\/p>\n","protected":false},"author":1189,"featured_media":53568,"comment_status":"closed","ping_status":"closed","sticky":false,"template":"","format":"standard","meta":{"_monsterinsights_skip_tracking":false,"_monsterinsights_sitenote_active":false,"_monsterinsights_sitenote_note":"","_monsterinsights_sitenote_category":0,"footnotes":"","_links_to":"","_links_to_target":""},"categories":[3058,17,33,32,491,5],"tags":[3033,3178,3194,3171],"class_list":{"0":"post-53570","1":"post","2":"type-post","3":"status-publish","4":"format-standard","5":"has-post-thumbnail","7":"category-cocinas-y-limpieza","8":"category-ekintza-sindikala","9":"category-es-ensenanza","10":"category-irakaskuntza","11":"category-sukalde-eta-garbitzaileak","12":"category-zerbitzu-publikoak","13":"tag-accion-sindical-es","14":"tag-destacado-1","15":"tag-ensenanza-es","16":"tag-servicios-publicos-es"},"_links":{"self":[{"href":"https:\/\/www.lab.eus\/es\/wp-json\/wp\/v2\/posts\/53570","targetHints":{"allow":["GET"]}}],"collection":[{"href":"https:\/\/www.lab.eus\/es\/wp-json\/wp\/v2\/posts"}],"about":[{"href":"https:\/\/www.lab.eus\/es\/wp-json\/wp\/v2\/types\/post"}],"author":[{"embeddable":true,"href":"https:\/\/www.lab.eus\/es\/wp-json\/wp\/v2\/users\/1189"}],"replies":[{"embeddable":true,"href":"https:\/\/www.lab.eus\/es\/wp-json\/wp\/v2\/comments?post=53570"}],"version-history":[{"count":0,"href":"https:\/\/www.lab.eus\/es\/wp-json\/wp\/v2\/posts\/53570\/revisions"}],"wp:featuredmedia":[{"embeddable":true,"href":"https:\/\/www.lab.eus\/es\/wp-json\/wp\/v2\/media\/53568"}],"wp:attachment":[{"href":"https:\/\/www.lab.eus\/es\/wp-json\/wp\/v2\/media?parent=53570"}],"wp:term":[{"taxonomy":"category","embeddable":true,"href":"https:\/\/www.lab.eus\/es\/wp-json\/wp\/v2\/categories?post=53570"},{"taxonomy":"post_tag","embeddable":true,"href":"https:\/\/www.lab.eus\/es\/wp-json\/wp\/v2\/tags?post=53570"}],"curies":[{"name":"wp","href":"https:\/\/api.w.org\/{rel}","templated":true}]}}