{"id":52466,"date":"2022-11-07T11:04:31","date_gmt":"2022-11-07T11:04:31","guid":{"rendered":"https:\/\/www.lab.eus\/?p=52466"},"modified":"2022-11-07T11:04:33","modified_gmt":"2022-11-07T11:04:33","slug":"pedimos-al-departamento-de-educacion-de-la-cav-que-negocie-las-convocatorias-de-consolidacion-del-personal-de-cocina-y-limpieza","status":"publish","type":"post","link":"https:\/\/www.lab.eus\/es\/pedimos-al-departamento-de-educacion-de-la-cav-que-negocie-las-convocatorias-de-consolidacion-del-personal-de-cocina-y-limpieza\/","title":{"rendered":"Pedimos al Departamento de Educaci\u00f3n de la CAV que negocie las convocatorias de consolidaci\u00f3n del personal de cocina y limpieza"},"content":{"rendered":"\n<p>Tal y como lo hicimos la semana pasada con los colectivos de educaci\u00f3n especial, esta ma\u00f1ana nos hemos concentrado ante la Delegaci\u00f3n de Educaci\u00f3n en Bilbo para solicitar al Departamento de Educaci\u00f3n de la CAV que convoque cuanto antes la mesa de negociaci\u00f3n de la convocatoria de consolidaci\u00f3n del personal de cocina y Llmpieza. A d\u00eda de hoy, aunque la convocatoria debe publicarse antes del 31 de diciembre, la administraci\u00f3n a\u00fan no ha llamado ninguna mesa negociadora.<\/p>\n\n\n\n<p>Asimismo, hemos denunciado la gesti\u00f3n realizada por el Departamento de Educaci\u00f3n y el trato que \u00e9ste ha dado al personal; LAB ha insistido en que se escuchen las demandas de las trabajadoras y los trabajadores y se hagan reuniones para reconducir la situaci\u00f3n de caos creada durante estos dos meses: pero no ha recibido ninguna respuesta.<\/p>\n\n\n\n<p>Aunque las convocatorias excepcionales de ofertas p\u00fablicas de empleo de consolidaci\u00f3n deben publicarse antes del 31 de diciembre, hoy por hoy no disponemos de un borrador de la convocatoria ni de una reuni\u00f3n para negociarla.<\/p>\n\n\n\n<p>Tambi\u00e9n en esta ocasi\u00f3n, el Departamento de Educaci\u00f3n est\u00e1 mostrando la misma falta de voluntad negociadora de la que hizo gala a la hora de negociar la oferta de la OPE. Por nuestra parte, lucharemos para que la experiencia laboral en estos colectivos sea decisoria, y que la convocatoria se adapte a las caracter\u00edsticas de cada colectivo. Queremos dejar claro al Departamento de Educaci\u00f3n que las trabajadoras y los trabajadores tambi\u00e9n tenemos algo que decir al respecto.<\/p>\n\n\n\n<p>La \u00faltima Oferta P\u00fablica de Empleo en Cocina y limpieza tuvo lugar en 2001. Eso ha motivado que LAB haya llevado a los tribunales el fraude que la Administraci\u00f3n ha cometido en la contrataci\u00f3n durante estos a\u00f1os. Hemos denunciado la situaci\u00f3n del personal que, superando la anterior OPE, a\u00fan se encuentra en situaci\u00f3n de temporalidad,y los tribunales han reconocido su fijeza.<\/p>\n\n\n\n<p>Por todo ello, en la concentraci\u00f3n que hemos llevado a cabo esta ma\u00f1ana en la delegaci\u00f3n territorial de Educaci\u00f3n de Bilbo hemos reivindicado que se negocien ya las convocatorias.<\/p>\n","protected":false},"excerpt":{"rendered":"<p>En la concentraci\u00f3n que hemos llevado a cabo en la delegaci\u00f3n territorial de Educaci\u00f3n de Bilbo, hemos reivindicado que se negocien ya las convocatorias.<\/p>\n","protected":false},"author":1189,"featured_media":52464,"comment_status":"closed","ping_status":"closed","sticky":false,"template":"","format":"standard","meta":{"_monsterinsights_skip_tracking":false,"_monsterinsights_sitenote_active":false,"_monsterinsights_sitenote_note":"","_monsterinsights_sitenote_category":0,"footnotes":"","_links_to":"","_links_to_target":""},"categories":[18,3058,2990,6],"tags":[3033,3178,3266,3171],"class_list":{"0":"post-52466","1":"post","2":"type-post","3":"status-publish","4":"format-standard","5":"has-post-thumbnail","7":"category-es-accion-sindical","8":"category-cocinas-y-limpieza","9":"category-educacion","10":"category-es-servicios-publicos","11":"tag-accion-sindical-es","12":"tag-destacado-1","13":"tag-educacion-es","14":"tag-servicios-publicos-es"},"_links":{"self":[{"href":"https:\/\/www.lab.eus\/es\/wp-json\/wp\/v2\/posts\/52466","targetHints":{"allow":["GET"]}}],"collection":[{"href":"https:\/\/www.lab.eus\/es\/wp-json\/wp\/v2\/posts"}],"about":[{"href":"https:\/\/www.lab.eus\/es\/wp-json\/wp\/v2\/types\/post"}],"author":[{"embeddable":true,"href":"https:\/\/www.lab.eus\/es\/wp-json\/wp\/v2\/users\/1189"}],"replies":[{"embeddable":true,"href":"https:\/\/www.lab.eus\/es\/wp-json\/wp\/v2\/comments?post=52466"}],"version-history":[{"count":0,"href":"https:\/\/www.lab.eus\/es\/wp-json\/wp\/v2\/posts\/52466\/revisions"}],"wp:featuredmedia":[{"embeddable":true,"href":"https:\/\/www.lab.eus\/es\/wp-json\/wp\/v2\/media\/52464"}],"wp:attachment":[{"href":"https:\/\/www.lab.eus\/es\/wp-json\/wp\/v2\/media?parent=52466"}],"wp:term":[{"taxonomy":"category","embeddable":true,"href":"https:\/\/www.lab.eus\/es\/wp-json\/wp\/v2\/categories?post=52466"},{"taxonomy":"post_tag","embeddable":true,"href":"https:\/\/www.lab.eus\/es\/wp-json\/wp\/v2\/tags?post=52466"}],"curies":[{"name":"wp","href":"https:\/\/api.w.org\/{rel}","templated":true}]}}