{"id":52444,"date":"2022-11-04T13:05:43","date_gmt":"2022-11-04T13:05:43","guid":{"rendered":"https:\/\/www.lab.eus\/?p=52444"},"modified":"2022-11-04T13:05:45","modified_gmt":"2022-11-04T13:05:45","slug":"convocaremos-una-semana-de-huelga-en-el-metal-de-bizkaia-en-caso-de-que-la-patronal-fvem-no-de-pasos-claros-hacia-un-convenio-digno","status":"publish","type":"post","link":"https:\/\/www.lab.eus\/es\/convocaremos-una-semana-de-huelga-en-el-metal-de-bizkaia-en-caso-de-que-la-patronal-fvem-no-de-pasos-claros-hacia-un-convenio-digno\/","title":{"rendered":"Convocaremos una semana de huelga en el metal de Bizkaia en caso de que la patronal FVEM no d\u00e9 pasos claros hacia un convenio digno"},"content":{"rendered":"\n<p>Los sindicatos LAB, CCOO, UGT, ESK, CGT y CNT queremos realizar la siguiente valoraci\u00f3n:<\/p>\n\n\n\n<p>Al igual que ya sucedi\u00f3 en las movilizaciones anteriores al verano, estas 3 \u00faltimas jornadas de huelga han sido un \u00e9xito rotundo.<\/p>\n\n\n\n<p>FVEM debe tomar nota de lo que el sector del Metal en Bizkaia le est\u00e1 anunciando a gritos. Ni est\u00e1n conformes con c\u00f3mo est\u00e1 llevando la negociaci\u00f3n, ni van a aceptar la rebaja de condiciones y p\u00e9rdida de poder adquisitivo que pretende. Y en ese camino vamos a seguir.<\/p>\n\n\n\n<p>Es por eso que vemos necesario incrementar la presi\u00f3n sobre FVEM, tanto en la mesa como en las calles, con el \u00fanico fin de alcanzar un convenio digno para el sector del metal en Bizkaia.<\/p>\n\n\n\n<p>Por todo ello:<\/p>\n\n\n\n<p>LAB, CCOO y UGT acudiremos a la mesa del pr\u00f3ximo martes en busca de un convenio digno. Pero, si FVEM no est\u00e1 en esta v\u00eda y no se dan avances claros hacia un convenio digno en la reuni\u00f3n de mesa negociadora del pr\u00f3ximo martes por la tarde, registraremos una semana de huelga en el sector, que ser\u00e1 del 28 de noviembre al 2 de Diciembre.<\/p>\n\n\n\n<p>La lucha es el camino! Viva la lucha de la clase obrera!<\/p>\n","protected":false},"excerpt":{"rendered":"<p>Acudiremos a la mesa del pr\u00f3ximo martes en busca de un convenio digno. Si FVEM no est\u00e1 en esta v\u00eda, registraremos una semana de huelga en el sector, que ser\u00e1 del 28 de noviembre al 2 de Diciembre.<\/p>\n","protected":false},"author":1189,"featured_media":52341,"comment_status":"closed","ping_status":"closed","sticky":false,"template":"","format":"standard","meta":{"_monsterinsights_skip_tracking":false,"_monsterinsights_sitenote_active":false,"_monsterinsights_sitenote_note":"","_monsterinsights_sitenote_category":0,"footnotes":"","_links_to":"","_links_to_target":""},"categories":[18,2868,108],"tags":[3033,3178,2996,3064],"class_list":{"0":"post-52444","1":"post","2":"type-post","3":"status-publish","4":"format-standard","5":"has-post-thumbnail","7":"category-es-accion-sindical","8":"category-industria-es","9":"category-es-metal","10":"tag-accion-sindical-es","11":"tag-destacado-1","12":"tag-industria-es","13":"tag-metal-es"},"_links":{"self":[{"href":"https:\/\/www.lab.eus\/es\/wp-json\/wp\/v2\/posts\/52444","targetHints":{"allow":["GET"]}}],"collection":[{"href":"https:\/\/www.lab.eus\/es\/wp-json\/wp\/v2\/posts"}],"about":[{"href":"https:\/\/www.lab.eus\/es\/wp-json\/wp\/v2\/types\/post"}],"author":[{"embeddable":true,"href":"https:\/\/www.lab.eus\/es\/wp-json\/wp\/v2\/users\/1189"}],"replies":[{"embeddable":true,"href":"https:\/\/www.lab.eus\/es\/wp-json\/wp\/v2\/comments?post=52444"}],"version-history":[{"count":0,"href":"https:\/\/www.lab.eus\/es\/wp-json\/wp\/v2\/posts\/52444\/revisions"}],"wp:featuredmedia":[{"embeddable":true,"href":"https:\/\/www.lab.eus\/es\/wp-json\/wp\/v2\/media\/52341"}],"wp:attachment":[{"href":"https:\/\/www.lab.eus\/es\/wp-json\/wp\/v2\/media?parent=52444"}],"wp:term":[{"taxonomy":"category","embeddable":true,"href":"https:\/\/www.lab.eus\/es\/wp-json\/wp\/v2\/categories?post=52444"},{"taxonomy":"post_tag","embeddable":true,"href":"https:\/\/www.lab.eus\/es\/wp-json\/wp\/v2\/tags?post=52444"}],"curies":[{"name":"wp","href":"https:\/\/api.w.org\/{rel}","templated":true}]}}