{"id":52297,"date":"2022-10-28T21:41:00","date_gmt":"2022-10-28T21:41:00","guid":{"rendered":"https:\/\/www.lab.eus\/?p=52297"},"modified":"2022-11-02T09:45:09","modified_gmt":"2022-11-02T09:45:09","slug":"los-presupuestos-de-nafarroa-deben-recoger-medidas-para-hacer-frente-a-la-crisis-ecosocial","status":"publish","type":"post","link":"https:\/\/www.lab.eus\/es\/los-presupuestos-de-nafarroa-deben-recoger-medidas-para-hacer-frente-a-la-crisis-ecosocial\/","title":{"rendered":"Los presupuestos de Nafarroa deben recoger medidas para hacer frente a la crisis ecosocial"},"content":{"rendered":"\n<p>El Consejo Econ\u00f3mico y Social de Navarra (CES) se ha reunido hoy en Pamplona para abordar el Anteproyecto de Presupuestos Generales de Navarra para 2023. El sindicato LAB quiere recordar que solicit\u00f3 su convocatoria de urgencia para repartir la riqueza y para abordar un paquete de medidas que pusiera en marcha la transici\u00f3n que necesita la clase trabajadora navarra. Pues bien, en opini\u00f3n de este sindicato, el Anteproyecto de Presupuestos no responde a los retos de la situaci\u00f3n actual de emergencia y de crisis ecosocial provocada por el capitalismo.<\/p>\n\n\n\n<p>El encarecimiento de la vida, la precarizaci\u00f3n del empleo, la crisis de cuidados, el cambio clim\u00e1tico, las migraciones o las diferentes discriminaciones que se entrecruzan son algunas de las consecuencias derivadas de la crisis ecosocial que padecemos. Por tanto, no estamos ante unos presupuestos m\u00e1s. Tal y como solicit\u00f3 LAB de manera urgente, la situaci\u00f3n actual requiere de una reflexi\u00f3n y de un debate profundo sobre cu\u00e1les tienen que ser las medidas que necesita la clase trabajadora en Navarra. Sin embargo, esta es una tarea que todav\u00eda tenemos pendiente. De hecho, es fundamental para desarrollar pol\u00edticas propias y no caer en el seguidismo del gobierno espa\u00f1ol.<\/p>\n\n\n\n<p><strong>El ejecutivo navarro no ha querido situar el gasto social entre sus prioridades presupuestarias; tampoco la redistribuci\u00f3n justa de la riqueza<\/strong><\/p>\n\n\n\n<p>Seg\u00fan el anteproyecto, el gasto social (+7,6%) no aumentar\u00e1 en la misma medida que lo hacen los presupuestos (+10%).&nbsp;La suma de gastos prevista&nbsp;para los departamentos&nbsp;centrados en la atenci\u00f3n de&nbsp;\u00e1reas sociales pierde peso en el presupuesto para 2023.&nbsp;De hecho, el \u201cgasto social\u201d consignado en las cuentas para&nbsp;2023representan el 53,1% del presupuesto operativo, mientras que el a\u00f1o anterior su peso relativo alcanzaba el 54,3%.<\/p>\n\n\n\n<p>El&nbsp;presupuestoen Educaci\u00f3n aumenta poco m\u00e1s de un 5% y en Salud un 5,6%, es decir, muy por debajo del crecimiento que experimentan otros departamentos que no tienen ese car\u00e1cter social.&nbsp;El Gobierno subraya que m\u00e1s de la mitad del gasto previsto para 2023 se concentra en \u00e1reas de contenido social.&nbsp;Sin embargo, para&nbsp;evaluarel verdadero impacto redistributivo de los presupuestos o su ausencia, es&nbsp;imprescindibleanalizar qui\u00e9n paga los impuestos y c\u00f3mo se reparte el peso de las cargas fiscales sobre las que recaen la financiaci\u00f3n de estos gastos sociales (y de todos los dem\u00e1s gastos). As\u00ed, podemos afirmar sin temor a exagerar que el peso de la recaudaci\u00f3n del sistema tributario recae de forma injusta y desproporcionada sobre los hogares navarros que soportan alrededor del 80% de los impuestos. Este porcentaje contrasta&nbsp;notablementecon la recaudaci\u00f3n por el Impuesto sobre Sociedades, que aporta un 7,8% de los ingresos tributarios totales.<\/p>\n\n\n\n<p><strong>Paquete de medidas de LAB para repartir la riqueza e iniciar la transici\u00f3n hacia un nuevo modelo socioecon\u00f3mico<\/strong>:<\/p>\n\n\n\n<ul class=\"wp-block-list\"><li>En primer lugar, el empleo, los cuidados y la distribuci\u00f3n equitativa de la riqueza, tanto a trav\u00e9s de la pol\u00edtica de empleo (establecer, entre otros, un salario m\u00ednimo de 1.400 euros, garantizar la capacidad adquisitiva, acabar con toda brecha y establecer una jornada laboral de 30 horas) como de la pol\u00edtica fiscal (reforzar los impuestos sobre rentas de capital y sociedades).<\/li><\/ul>\n\n\n\n<ul class=\"wp-block-list\"><li>En segundo lugar, medidas para garantizar a toda la ciudadan\u00eda los servicios p\u00fablicos y los derechos fundamentales como la salud, el cuidado, el transporte, la vivienda, la pensi\u00f3n o la energ\u00eda. Para ello es necesaria una intervenci\u00f3n p\u00fablica fuerte en estos \u00e1mbitos, acabando con toda pol\u00edtica de privatizaciones en beneficio de los oligopolios.<\/li><\/ul>\n\n\n\n<ul class=\"wp-block-list\"><li>En tercer lugar, que se sustituya el fraude del capitalismo verde, que permitir\u00e1 a la patronal hacer negocio, por una transici\u00f3n ecosocialista orientada a la participaci\u00f3n de las y los trabajadores: quienes m\u00e1s consuman tendr\u00e1n que reducir m\u00e1s su consumo.<\/li><\/ul>\n\n\n\n<ul class=\"wp-block-list\"><li>Por \u00faltimo, la necesidad de dotar a las instituciones navarras de herramientas propias de estado como la Seguridad Social y el C\u00f3digo Laboral.<\/li><\/ul>\n","protected":false},"excerpt":{"rendered":"<p>El Consejo Econ\u00f3mico y Social de Navarra (CES) se ha reunido en Iru\u00f1ea para abordar el Anteproyecto de Presupuestos Generales de Nafarroa para 2023.<\/p>\n","protected":false},"author":1189,"featured_media":52294,"comment_status":"closed","ping_status":"closed","sticky":false,"template":"","format":"standard","meta":{"_monsterinsights_skip_tracking":false,"_monsterinsights_sitenote_active":false,"_monsterinsights_sitenote_note":"","_monsterinsights_sitenote_category":0,"footnotes":"","_links_to":"","_links_to_target":""},"categories":[3402,2994,3283],"tags":[3182,3178],"class_list":{"0":"post-52297","1":"post","2":"type-post","3":"status-publish","4":"format-standard","5":"has-post-thumbnail","7":"category-accion-politica","8":"category-accion-social","9":"category-sin-categorizar","10":"tag-accion-social-es","11":"tag-destacado-1"},"_links":{"self":[{"href":"https:\/\/www.lab.eus\/es\/wp-json\/wp\/v2\/posts\/52297","targetHints":{"allow":["GET"]}}],"collection":[{"href":"https:\/\/www.lab.eus\/es\/wp-json\/wp\/v2\/posts"}],"about":[{"href":"https:\/\/www.lab.eus\/es\/wp-json\/wp\/v2\/types\/post"}],"author":[{"embeddable":true,"href":"https:\/\/www.lab.eus\/es\/wp-json\/wp\/v2\/users\/1189"}],"replies":[{"embeddable":true,"href":"https:\/\/www.lab.eus\/es\/wp-json\/wp\/v2\/comments?post=52297"}],"version-history":[{"count":0,"href":"https:\/\/www.lab.eus\/es\/wp-json\/wp\/v2\/posts\/52297\/revisions"}],"wp:featuredmedia":[{"embeddable":true,"href":"https:\/\/www.lab.eus\/es\/wp-json\/wp\/v2\/media\/52294"}],"wp:attachment":[{"href":"https:\/\/www.lab.eus\/es\/wp-json\/wp\/v2\/media?parent=52297"}],"wp:term":[{"taxonomy":"category","embeddable":true,"href":"https:\/\/www.lab.eus\/es\/wp-json\/wp\/v2\/categories?post=52297"},{"taxonomy":"post_tag","embeddable":true,"href":"https:\/\/www.lab.eus\/es\/wp-json\/wp\/v2\/tags?post=52297"}],"curies":[{"name":"wp","href":"https:\/\/api.w.org\/{rel}","templated":true}]}}