{"id":52261,"date":"2022-10-28T11:18:22","date_gmt":"2022-10-28T11:18:22","guid":{"rendered":"https:\/\/www.lab.eus\/?p=52261"},"modified":"2022-10-28T11:18:49","modified_gmt":"2022-10-28T11:18:49","slug":"exitosa-huelga-en-ota-y-gruas-de-gipuzkoa","status":"publish","type":"post","link":"https:\/\/www.lab.eus\/es\/exitosa-huelga-en-ota-y-gruas-de-gipuzkoa\/","title":{"rendered":"Exitosa huelga en OTA y Gr\u00faas de Gipuzkoa"},"content":{"rendered":"\n<p>El paro convocado hoy por los sindicatos LAB, ELA y CCOO est\u00e1 siendo un \u00e9xito. Las plantillas han ratificado su llamamiento a la patronal ASESGA para que ponga fin al bloqueo. Asimismo, han pedido a los consistorios que se impliquen en el tema.<\/p>\n\n\n\n<p>No debemos olvidar que la mesa negociadora se ha reunido m\u00e1s de diez veces durante a\u00f1o y medio sin lograr avances. Asimismo, la respuesta de los consistorios ha sido el silencio, calificando el conflicto \u00fanicamente entre plantillas y empleadores.<\/p>\n\n\n\n<p>El servicio de OTA es una gran fuente de ingresos para los ayuntamientos, m\u00e1xime cuando las bases del servicio no se cumplen del todo. Adem\u00e1s, en los \u00faltimos a\u00f1os la p\u00e9rdida de puestos de trabajo ha sido destacable, aunque a trav\u00e9s de los coches se pretende ocultar este problema.<\/p>\n\n\n\n<p>Por todo ello, los representantes de los trabajadores han vuelto a pedir a los patronos y dem\u00e1s agentes implicados en el conflicto que abran cauces para alcanzar consensos que satisfagan las demandas de los trabajadores. Mientras tanto, las plantillas seguir\u00e1n adelante con las huelgas previstas ta,bi\u00e9n para el s\u00e1bado y el domingo.<\/p>\n","protected":false},"excerpt":{"rendered":"<p>Las plantillas han ratificado su llamamiento a la patronal ASESGA para que ponga fin al bloqueo. Asimismo, han pedido a los consistorios que se impliquen en el tema.<\/p>\n","protected":false},"author":1189,"featured_media":52259,"comment_status":"closed","ping_status":"closed","sticky":false,"template":"","format":"standard","meta":{"_monsterinsights_skip_tracking":false,"_monsterinsights_sitenote_active":false,"_monsterinsights_sitenote_note":"","_monsterinsights_sitenote_category":0,"footnotes":"","_links_to":"","_links_to_target":""},"categories":[18,8,6],"tags":[3033,3178,3172,3171],"class_list":{"0":"post-52261","1":"post","2":"type-post","3":"status-publish","4":"format-standard","5":"has-post-thumbnail","7":"category-es-accion-sindical","8":"category-es-servicios-privados","9":"category-es-servicios-publicos","10":"tag-accion-sindical-es","11":"tag-destacado-1","12":"tag-servicios-privados-es","13":"tag-servicios-publicos-es"},"_links":{"self":[{"href":"https:\/\/www.lab.eus\/es\/wp-json\/wp\/v2\/posts\/52261","targetHints":{"allow":["GET"]}}],"collection":[{"href":"https:\/\/www.lab.eus\/es\/wp-json\/wp\/v2\/posts"}],"about":[{"href":"https:\/\/www.lab.eus\/es\/wp-json\/wp\/v2\/types\/post"}],"author":[{"embeddable":true,"href":"https:\/\/www.lab.eus\/es\/wp-json\/wp\/v2\/users\/1189"}],"replies":[{"embeddable":true,"href":"https:\/\/www.lab.eus\/es\/wp-json\/wp\/v2\/comments?post=52261"}],"version-history":[{"count":0,"href":"https:\/\/www.lab.eus\/es\/wp-json\/wp\/v2\/posts\/52261\/revisions"}],"wp:featuredmedia":[{"embeddable":true,"href":"https:\/\/www.lab.eus\/es\/wp-json\/wp\/v2\/media\/52259"}],"wp:attachment":[{"href":"https:\/\/www.lab.eus\/es\/wp-json\/wp\/v2\/media?parent=52261"}],"wp:term":[{"taxonomy":"category","embeddable":true,"href":"https:\/\/www.lab.eus\/es\/wp-json\/wp\/v2\/categories?post=52261"},{"taxonomy":"post_tag","embeddable":true,"href":"https:\/\/www.lab.eus\/es\/wp-json\/wp\/v2\/tags?post=52261"}],"curies":[{"name":"wp","href":"https:\/\/api.w.org\/{rel}","templated":true}]}}