{"id":52248,"date":"2022-10-28T10:26:17","date_gmt":"2022-10-28T10:26:17","guid":{"rendered":"https:\/\/www.lab.eus\/?p=52248"},"modified":"2022-10-28T11:42:17","modified_gmt":"2022-10-28T11:42:17","slug":"las-y-los-trabajadores-del-metal-de-bizkaia-vuelven-a-dar-una-respuesta-contundente-a-una-patronal-que-les-quiere-mas-pobres-y-precarios","status":"publish","type":"post","link":"https:\/\/www.lab.eus\/es\/las-y-los-trabajadores-del-metal-de-bizkaia-vuelven-a-dar-una-respuesta-contundente-a-una-patronal-que-les-quiere-mas-pobres-y-precarios\/","title":{"rendered":"Las y los trabajadores del metal de Bizkaia vuelven a dar una respuesta contundente a una patronal que les quiere m\u00e1s pobres y precarios"},"content":{"rendered":"\n<p><a href=\"https:\/\/www.lab.eus\/es\/amplio-seguimiento-de-la-huelga-del-metal-de-bizkaia-en-defensa-de-un-convenio-digno\/\">Con la misma contundencia mostrada la v\u00edspera<\/a>, las y los trabajadores del metal de Bizkaia han secundado la segunda jornada de huelga de la semana, tambi\u00e9n con un amplio seguimiento, dejando claro su disposici\u00f3n a luchar con ah\u00ednco por un convenio digno. La manifestaci\u00f3n del mediod\u00eda ha tenido lugar esta vez en Barakaldo, tan concurrida como la celebrada el jueves en Iurreta. Los sindicatos tenemos convocada una tercera jornada de huelga para el 2 de noviembre; en este caso, la manifestaci\u00f3n tendr\u00e1 lugar en Bilbo, tambi\u00e9n a las 12:00, desde la Plaza Euskadi.<\/p>\n\n\n\n<div class=\"wp-block-file\"><a href=\"https:\/\/www.lab.eus\/wp-content\/uploads\/2022\/10\/URRIAK_28_METALA_.pdf\">Comunicado conjunto de LAB, CCOO, UGT, ESK, CGT y CNT<\/a><a href=\"https:\/\/www.lab.eus\/wp-content\/uploads\/2022\/10\/URRIAK_28_METALA_.pdf\" class=\"wp-block-file__button\" download>Deskargatu<\/a><\/div>\n\n\n\n<p>Las y los piquetes han recorrido las empresas desde primera hora de la ma\u00f1ana y han tenido que volver a sufrir la actitud violenta de la Ertzaintza. Las y los trabajadores siguen firmes en la defensa de sus condiciones laborales y, ante la irresponsabilidad de la patronal, no les han dejado otro camino que la movilizaci\u00f3n para materializar sus reivindicaciones. Y es que, tal y como hemos denunciado los sindicatos, FVEM quiere a las y los trabajadores m\u00e1s pobres, precarios y sumisos, pero no estamos dispuestas y dispuestos a eso, de ninguna manera.<\/p>\n\n\n\n<figure class=\"wp-block-image size-large\"><img loading=\"lazy\" decoding=\"async\" width=\"1024\" height=\"768\" src=\"https:\/\/www.lab.eus\/wp-content\/uploads\/2022\/10\/Metala2-1024x768.jpg\" alt=\"\" class=\"wp-image-52270\" srcset=\"https:\/\/www.lab.eus\/wp-content\/uploads\/2022\/10\/Metala2-1024x768.jpg 1024w, https:\/\/www.lab.eus\/wp-content\/uploads\/2022\/10\/Metala2-300x225.jpg 300w, https:\/\/www.lab.eus\/wp-content\/uploads\/2022\/10\/Metala2-768x576.jpg 768w, https:\/\/www.lab.eus\/wp-content\/uploads\/2022\/10\/Metala2-1536x1152.jpg 1536w, https:\/\/www.lab.eus\/wp-content\/uploads\/2022\/10\/Metala2-150x113.jpg 150w, https:\/\/www.lab.eus\/wp-content\/uploads\/2022\/10\/Metala2-696x522.jpg 696w, https:\/\/www.lab.eus\/wp-content\/uploads\/2022\/10\/Metala2-1068x801.jpg 1068w, https:\/\/www.lab.eus\/wp-content\/uploads\/2022\/10\/Metala2-1920x1440.jpg 1920w, https:\/\/www.lab.eus\/wp-content\/uploads\/2022\/10\/Metala2-560x420.jpg 560w, https:\/\/www.lab.eus\/wp-content\/uploads\/2022\/10\/Metala2-80x60.jpg 80w, https:\/\/www.lab.eus\/wp-content\/uploads\/2022\/10\/Metala2-265x198.jpg 265w, https:\/\/www.lab.eus\/wp-content\/uploads\/2022\/10\/Metala2.jpg 2000w\" sizes=\"auto, (max-width: 1024px) 100vw, 1024px\" \/><\/figure>\n","protected":false},"excerpt":{"rendered":"<p>La manifestaci\u00f3n principal de la segunda jornada de huelga, tan concurrida como la celebrada el jueves en Iurreta, ha tenido lugar en Barakaldo.  Los sindicatos hemos convocado una tercera jornada de huelga para el 2 de noviembre; en este caso, la manifestaci\u00f3n tendr\u00e1 lugar en Bilbo, a las 12:00, desde la Plaza Euskadi.<\/p>\n","protected":false},"author":1189,"featured_media":52255,"comment_status":"closed","ping_status":"closed","sticky":false,"template":"","format":"standard","meta":{"_monsterinsights_skip_tracking":false,"_monsterinsights_sitenote_active":false,"_monsterinsights_sitenote_note":"","_monsterinsights_sitenote_category":0,"footnotes":"","_links_to":"","_links_to_target":""},"categories":[18,2868,108],"tags":[3033,3178,2996,3064],"class_list":{"0":"post-52248","1":"post","2":"type-post","3":"status-publish","4":"format-standard","5":"has-post-thumbnail","7":"category-es-accion-sindical","8":"category-industria-es","9":"category-es-metal","10":"tag-accion-sindical-es","11":"tag-destacado-1","12":"tag-industria-es","13":"tag-metal-es"},"_links":{"self":[{"href":"https:\/\/www.lab.eus\/es\/wp-json\/wp\/v2\/posts\/52248","targetHints":{"allow":["GET"]}}],"collection":[{"href":"https:\/\/www.lab.eus\/es\/wp-json\/wp\/v2\/posts"}],"about":[{"href":"https:\/\/www.lab.eus\/es\/wp-json\/wp\/v2\/types\/post"}],"author":[{"embeddable":true,"href":"https:\/\/www.lab.eus\/es\/wp-json\/wp\/v2\/users\/1189"}],"replies":[{"embeddable":true,"href":"https:\/\/www.lab.eus\/es\/wp-json\/wp\/v2\/comments?post=52248"}],"version-history":[{"count":0,"href":"https:\/\/www.lab.eus\/es\/wp-json\/wp\/v2\/posts\/52248\/revisions"}],"wp:featuredmedia":[{"embeddable":true,"href":"https:\/\/www.lab.eus\/es\/wp-json\/wp\/v2\/media\/52255"}],"wp:attachment":[{"href":"https:\/\/www.lab.eus\/es\/wp-json\/wp\/v2\/media?parent=52248"}],"wp:term":[{"taxonomy":"category","embeddable":true,"href":"https:\/\/www.lab.eus\/es\/wp-json\/wp\/v2\/categories?post=52248"},{"taxonomy":"post_tag","embeddable":true,"href":"https:\/\/www.lab.eus\/es\/wp-json\/wp\/v2\/tags?post=52248"}],"curies":[{"name":"wp","href":"https:\/\/api.w.org\/{rel}","templated":true}]}}