{"id":52240,"date":"2022-10-27T14:31:37","date_gmt":"2022-10-27T14:31:37","guid":{"rendered":"https:\/\/www.lab.eus\/?p=52240"},"modified":"2022-10-27T14:31:39","modified_gmt":"2022-10-27T14:31:39","slug":"el-convenio-del-metal-de-nafarroa-es-un-claro-ejemplo-de-las-consecuencias-de-renunciar-a-la-lucha","status":"publish","type":"post","link":"https:\/\/www.lab.eus\/es\/el-convenio-del-metal-de-nafarroa-es-un-claro-ejemplo-de-las-consecuencias-de-renunciar-a-la-lucha\/","title":{"rendered":"El convenio del metal de Nafarroa es un claro ejemplo de las consecuencias de renunciar a la lucha"},"content":{"rendered":"\n<p>El 25 de octubre ocurri\u00f3 lo que se pod\u00eda prever. UGT y CCOO, los sindicatos del r\u00e9gimen, firmaron con su principal aliado, la patronal, un convenio que no responde a las necesidades e intereses de la clase trabajadora. Hoy hemos celebrado una asamblea de delegadas y delegados del sector de LAB para explicar el acuerdo alcanzado y compartir la valoraci\u00f3n que hacemos.<\/p>\n\n\n\n<p>Nos parece muy importante a la hora de valorar el resultado, remarcar que se trata de un convenio negociado sin ninguna voluntad de lucha por parte de la mayor\u00eda sindical. Esto supone directamente que cualquier resultado obtenido, como el de la subida salarial, podr\u00eda haberse mejorado y se ha renunciado a ello, por lo que la valoraci\u00f3n que hacemos desde LAB no puede ser buena.<\/p>\n\n\n\n<p>Y nos parece especialmente grave el \u201cpeaje\u201d que se ha pagado por varios puntos vendidos como logros. Uno de estos \u201cpeajes\u201d, el m\u00e1s claro, es la nueva regulaci\u00f3n de la flexibilidad, aumentando \u00e9sta, facilitando su uso y precarizando la compensaci\u00f3n de la misma. Pero este no ha sido el \u00fanico, tambi\u00e9n hay que destacar que se han quedado en el camino cuestiones que, teniendo en cuenta la realidad del sector, son fundamentales como la subrogaci\u00f3n, la limitaci\u00f3n del uso de las ETTs, la reducci\u00f3n de jornada&#8230; Este \u00faltimo nos parece un tema indispensable para el futuro, para el mantenimiento del empleo y el reparto de las tareas de cuidados.<\/p>\n\n\n\n<p>Debemos aclarar tambi\u00e9n que algunas cuestiones que se han expuesto como logros son puntos que se recoger\u00e1n en el convenio como recomendaciones; es decir, nada. Entre ellas, la posibilidad de reducir la jornada a los 55 a\u00f1os, pero con reducci\u00f3n de sueldo, con lo que se reducir\u00eda la pensi\u00f3n.<\/p>\n\n\n\n<p>Aunque lo acordado no es lo que quisi\u00e9ramos, ahora es el momento de mirar hacia delante, y en ello hay que se\u00f1alar dos cuestiones. Por un lado que los convenios sectoriales son convenios basados en la unidad y que deben proteger al mayor n\u00famero de trabajadoras y trabajadores; por eso entendemos que, como comenzamos a reclamar hace ya unos meses, convenios como los de Fontaner\u00eda y Talleres de Reparaci\u00f3n (las negociaciones de ambos est\u00e1n abiertas, pero bloqueadas) deber\u00edan volver al Metal para dar m\u00e1s apoyo a estos peque\u00f1os sectores y sumar m\u00e1s fuerza en el pr\u00f3ximo convenio del Metal a favor de un convenio digno. Y por otro lado, tenemos que empezar a trabajar para que desaparezca la mayor\u00eda de UGT y CCOO en el Metal (53%) que ha demostrado que poco puede aportar a la mejora de las condiciones laborales de la clase trabajadora, para lo cual ser\u00e1 fundamental el periodo concentrado de elecciones sindicales 2022-2023.<\/p>\n","protected":false},"excerpt":{"rendered":"<p>El 25 de octubre ocurri\u00f3 lo que se pod\u00eda prever. UGT y CCOO, los sindicatos del r\u00e9gimen, firmaron con su principal aliado, la patronal, un convenio que no responde a las necesidades e intereses de la clase trabajadora.<\/p>\n","protected":false},"author":1189,"featured_media":52238,"comment_status":"closed","ping_status":"closed","sticky":false,"template":"","format":"standard","meta":{"_monsterinsights_skip_tracking":false,"_monsterinsights_sitenote_active":false,"_monsterinsights_sitenote_note":"","_monsterinsights_sitenote_category":0,"footnotes":"","_links_to":"","_links_to_target":""},"categories":[18,2868,108],"tags":[3033,3178,2996,3064,3196],"class_list":{"0":"post-52240","1":"post","2":"type-post","3":"status-publish","4":"format-standard","5":"has-post-thumbnail","7":"category-es-accion-sindical","8":"category-industria-es","9":"category-es-metal","10":"tag-accion-sindical-es","11":"tag-destacado-1","12":"tag-industria-es","13":"tag-metal-es","14":"tag-nafarroa-es-2"},"_links":{"self":[{"href":"https:\/\/www.lab.eus\/es\/wp-json\/wp\/v2\/posts\/52240","targetHints":{"allow":["GET"]}}],"collection":[{"href":"https:\/\/www.lab.eus\/es\/wp-json\/wp\/v2\/posts"}],"about":[{"href":"https:\/\/www.lab.eus\/es\/wp-json\/wp\/v2\/types\/post"}],"author":[{"embeddable":true,"href":"https:\/\/www.lab.eus\/es\/wp-json\/wp\/v2\/users\/1189"}],"replies":[{"embeddable":true,"href":"https:\/\/www.lab.eus\/es\/wp-json\/wp\/v2\/comments?post=52240"}],"version-history":[{"count":0,"href":"https:\/\/www.lab.eus\/es\/wp-json\/wp\/v2\/posts\/52240\/revisions"}],"wp:featuredmedia":[{"embeddable":true,"href":"https:\/\/www.lab.eus\/es\/wp-json\/wp\/v2\/media\/52238"}],"wp:attachment":[{"href":"https:\/\/www.lab.eus\/es\/wp-json\/wp\/v2\/media?parent=52240"}],"wp:term":[{"taxonomy":"category","embeddable":true,"href":"https:\/\/www.lab.eus\/es\/wp-json\/wp\/v2\/categories?post=52240"},{"taxonomy":"post_tag","embeddable":true,"href":"https:\/\/www.lab.eus\/es\/wp-json\/wp\/v2\/tags?post=52240"}],"curies":[{"name":"wp","href":"https:\/\/api.w.org\/{rel}","templated":true}]}}