{"id":52156,"date":"2022-10-26T11:51:25","date_gmt":"2022-10-26T11:51:25","guid":{"rendered":"https:\/\/www.lab.eus\/?p=52156"},"modified":"2022-10-26T11:51:28","modified_gmt":"2022-10-26T11:51:28","slug":"no-volveremos-a-acudir-a-la-mesa-sectorial-de-osakidetza-mientras-no-haya-una-verdadera-negociacion","status":"publish","type":"post","link":"https:\/\/www.lab.eus\/es\/no-volveremos-a-acudir-a-la-mesa-sectorial-de-osakidetza-mientras-no-haya-una-verdadera-negociacion\/","title":{"rendered":"No volveremos a acudir a la mesa sectorial de Osakidetza mientras no haya una verdadera negociaci\u00f3n"},"content":{"rendered":"\n<p>Los sindicatos de Osakidetza hemos anunciado que no acudiremos a la mesa sectorial que se celebrar\u00e1 ma\u00f1ana 27 de octubre, ante la actitud impositiva y la falta de talante negociador del Servicio Vasco de Salud. \u201cMientras no haya una verdadera negociaci\u00f3n, no volveremos a acudir a la mesa sectorial\u201d, hemos afirmado con rotundidad las centrales LAB,\u00a0SATSE, ELA, SME, CCOO y UGT,<strong>\u00a0<\/strong>miembros de la citada Mesa.<\/p>\n\n\n\n<p>Por otro lado, los sindicatos queremos reiterar nuestra voluntad negociadora y, por ello, anunciamos que vamos a emplazar al Servicio Vasco de Salud a una reuni\u00f3n en el Consejo de Relaciones Laborales: \u201cPretendemos cambiar el foro de negociaci\u00f3n, para ver si podemos superar el actual bloqueo e iniciar una nueva era en las relaciones laborales de la Sanidad P\u00fablica Vasca\u201d, hemos afirmado.<\/p>\n\n\n\n<p>Las centrales sindicales hemos criticado que Osakidetza se limite a traer temas a la Mesa con el \u00fanico fin de cumplir el expediente: \u201cNos levantamos de la \u00faltima mesa sectorial por la falta de contenido. Ahora, volvemos a ser convocados con un orden del d\u00eda que no plantea una verdadera negociaci\u00f3n de los temas propuestos y no incluye los asuntos que hab\u00edamos pedido desde la parte social\u201d.\u00a0<\/p>\n\n\n\n<p>Entre los temas a abordar en la Mesa Sectorial se encuentra la nueva OPE de estabilizaci\u00f3n, cuya negociaci\u00f3n ha estado cubierta de opacidad. \u201cLos sindicatos hemos conocido el n\u00famero de plazas a trav\u00e9s de los medios de comunicaci\u00f3n y hemos solicitado informaci\u00f3n sobre el proceso de manera reiterada. Sin embargo, a\u00fan no hemos obtenido respuesta\u201d, hemos denunciado.<\/p>\n\n\n\n<p>Otro de los temas a tratar es el nuevo modelo de Desarrollo Profesional de los y las profesionales. Las centrales hemos denunciado que Osakidetza se niega a negociar un nuevo sistema que mejore el actual y plantea un borrador que supone un nuevo recorte para la plantilla.<\/p>\n\n\n\n<p>\u201cQueremos reiterar nuestra voluntad negociadora. Pero para ello es necesario dotar de contenidos a la Mesa Sectorial, respetar las reglas de juego en la negociaci\u00f3n y que Osakidetza abandone su actitud impositiva y antidemocr\u00e1tica\u201d, hemos concluido.\u00a0<\/p>\n","protected":false},"excerpt":{"rendered":"<p>Los sindicatos queremos reiterar nuestra voluntad negociadora y, por ello, anunciamos que vamos a emplazar al Servicio Vasco de Salud a una reuni\u00f3n en el Consejo de Relaciones Laborales.<\/p>\n","protected":false},"author":1189,"featured_media":52154,"comment_status":"closed","ping_status":"closed","sticky":false,"template":"","format":"standard","meta":{"_monsterinsights_skip_tracking":false,"_monsterinsights_sitenote_active":false,"_monsterinsights_sitenote_note":"","_monsterinsights_sitenote_category":0,"footnotes":"","_links_to":"","_links_to_target":""},"categories":[18,3097,6,3283],"tags":[3033,3178,3195,3100,3171],"class_list":{"0":"post-52156","1":"post","2":"type-post","3":"status-publish","4":"format-standard","5":"has-post-thumbnail","7":"category-es-accion-sindical","8":"category-sanidad","9":"category-es-servicios-publicos","10":"category-sin-categorizar","11":"tag-accion-sindical-es","12":"tag-destacado-1","13":"tag-osakidetza-es","14":"tag-sanidad-es","15":"tag-servicios-publicos-es"},"_links":{"self":[{"href":"https:\/\/www.lab.eus\/es\/wp-json\/wp\/v2\/posts\/52156","targetHints":{"allow":["GET"]}}],"collection":[{"href":"https:\/\/www.lab.eus\/es\/wp-json\/wp\/v2\/posts"}],"about":[{"href":"https:\/\/www.lab.eus\/es\/wp-json\/wp\/v2\/types\/post"}],"author":[{"embeddable":true,"href":"https:\/\/www.lab.eus\/es\/wp-json\/wp\/v2\/users\/1189"}],"replies":[{"embeddable":true,"href":"https:\/\/www.lab.eus\/es\/wp-json\/wp\/v2\/comments?post=52156"}],"version-history":[{"count":0,"href":"https:\/\/www.lab.eus\/es\/wp-json\/wp\/v2\/posts\/52156\/revisions"}],"wp:featuredmedia":[{"embeddable":true,"href":"https:\/\/www.lab.eus\/es\/wp-json\/wp\/v2\/media\/52154"}],"wp:attachment":[{"href":"https:\/\/www.lab.eus\/es\/wp-json\/wp\/v2\/media?parent=52156"}],"wp:term":[{"taxonomy":"category","embeddable":true,"href":"https:\/\/www.lab.eus\/es\/wp-json\/wp\/v2\/categories?post=52156"},{"taxonomy":"post_tag","embeddable":true,"href":"https:\/\/www.lab.eus\/es\/wp-json\/wp\/v2\/tags?post=52156"}],"curies":[{"name":"wp","href":"https:\/\/api.w.org\/{rel}","templated":true}]}}