{"id":52129,"date":"2022-10-26T11:07:06","date_gmt":"2022-10-26T11:07:06","guid":{"rendered":"https:\/\/www.lab.eus\/?p=52129"},"modified":"2022-10-26T11:11:43","modified_gmt":"2022-10-26T11:11:43","slug":"hemos-anunciado-coincidiendo-con-la-jornada-de-huelgas-en-nafarroa-araba-y-bizkaia-que-vamos-a-iniciar-un-nuevo-ciclo-de-lucha-en-las-residencias-de-mayores-de-gipuzkoa","status":"publish","type":"post","link":"https:\/\/www.lab.eus\/es\/hemos-anunciado-coincidiendo-con-la-jornada-de-huelgas-en-nafarroa-araba-y-bizkaia-que-vamos-a-iniciar-un-nuevo-ciclo-de-lucha-en-las-residencias-de-mayores-de-gipuzkoa\/","title":{"rendered":"Hemos anunciado, en plena jornada de huelga en Nafarroa, Araba y Bizkaia, que vamos a iniciar un nuevo ciclo de lucha en las residencias de mayores de Gipuzkoa"},"content":{"rendered":"\n<p>Hoy es un d\u00eda se\u00f1alado para las trabajadoras de las residencias de personas mayores de Hego Euskal Herria. Estamos en huelga en Nafarroa, Araba y Bizkaia en la jornada de hoy; defendiendo diferentes reivindicaciones y necesidades, pero estando todas en la calle y en huelga.<\/p>\n\n\n\n<p>Somos conscientes de que en cada herrialde las condiciones laborales y las situaciones son diferentes, pero la precariedad y las vulneraciones de derechos de las trabajadoras tienen el mismo reflejo en el d\u00eda a d\u00eda. Las instituciones de Hego Euskal Herria impulsan constantemente la privatizaci\u00f3n del sistema de cuidados, precisamente para convertirlo en un negocio y en beneficio del af\u00e1n de lucro de las empresas, dejando a nuestros mayores en una clara situaci\u00f3n de vulnerabilidad.<\/p>\n\n\n\n<p>Son las patronales e instituciones las que promueven y perpet\u00faan esta situaci\u00f3n. LAB tiene claro que hasta que no haya un sistema de cuidados p\u00fablico y comunitario no se garantizar\u00e1 tanto la dignidad de los residentes y de las trabajadoras como las condiciones de trabajo y de vida. Son trabajadoras esenciales, luchan por lo esencial y por el reconocimiento que les corresponde.<\/p>\n\n\n\n<p>En Bizkaia, desde LAB hemos convocado siete jornadas de huelga hasta diciembre y hemos apostado por reforzar e intensificar la lucha en el sector. <\/p>\n\n\n\n<p>En Araba, est\u00e1n en huelga para conseguir un convenio territorial, ya que a d\u00eda de hoy se les aplica el estatal. Las trabajadoras de residencias de personas mayores y viviendas comunitarias de Araba trabajan 1.792 horas al a\u00f1o, durante los 365 d\u00edas al a\u00f1o, por una n\u00f3mina mensual de 997.16 euros. <\/p>\n\n\n\n<p>En Nafarroa, tambi\u00e9n est\u00e1n en huelga para lograr un convenio territorial. <\/p>\n\n\n\n<p>En este contexto, en una comparecencia realizada en Donostia, frente a la Diputaci\u00f3n, hemos anunciado un nuevo ciclo de lucha en Gipuzkoa. Las reuniobes celebradas en los \u00faltimos meses, las asambleas, las movilizaciones, las huelgas, el corte de carreteras, las ocupaciones, nos han tra\u00eddo hasta aqu\u00ed. Vamos a emprender el nuevo camino con ilusi\u00f3n y estamos muy orgullosas y orgullosos de lo que hemos hecho.<\/p>\n\n\n\n<p><strong>La situaci\u00f3n ha empeorado en Gipuzkoa<\/strong><\/p>\n\n\n\n<p>Las trabajadoras de las residencias de personas mayores de Gipuzkoa llevan a\u00f1os haciendo huelgas por un convenio y luchando en el seno de la negociaci\u00f3n colectiva con dos objetivos claros: por un lado, conseguir igualar y dignificar las condiciones laborales del sector para que el servicio que nos ofrecen a los guipuzcoanos sea de calidad, y por otro, dar a este sector feminizado y precarizado el lugar y el reconocimiento que necesita en la sociedad, ya que est\u00e1n ofreciendo un servicio p\u00fablico y son trabajadoras esenciales. Luchan por que el cuidado de nuestros mayoress sea de calidad y digno, luchan por los derechos de todas y todos los guipuzcoanos. Por ellos, creemos que merecen reconocimiento y la garant\u00eda de unas condiciones laborales dignas.<\/p>\n\n\n\n<p>En el camino de esta larga lucha, la capacidad de negociaci\u00f3n colectiva de las trabajadoras se vio seriamente mermada por la imposici\u00f3n de los servicios m\u00ednimos del 100%, vulnerando el derecho a la huelga. Y ahora, la firma del convenio en minor\u00eda por parte de UGT, con una representaci\u00f3n del ocho por ciento (8%), ha acentuado esta situaci\u00f3n, desvirtuando por completo lo que deber\u00eda ser la negociaci\u00f3n colectiva.<\/p>\n\n\n\n<p>La actitud de ELA tambi\u00e9n ha sido muy perjudicial. Por mayoritaria que sea, no ha sido capaz de dar a las trabajadoras la respuesta que necesitaban y no ha ejercido de palanca a favor de un convenio digno. Su estrategia ha fracasado. Ha tenido evidentes dificultades para aportar soluciones a las trabajadoras y ha quedado lejos de defender y garantizar los intereses de las trabajadoras.<\/p>\n\n\n\n<p>El convenio firmado en minor\u00eda ha resquebrajado mucho las condiciones de las trabajadoras. Por ello, hacemos una petici\u00f3n de reuni\u00f3n al Departamento de Pol\u00edticas Sociales de la Diputaci\u00f3n Foral de Gipuzkoa para que, por un lado, nos explique c\u00f3mo van a gestionar las condiciones de las trabajadoras y los incrementos salariales en las residencias que dependen de las patronales que no han firmado el convenio, y por otro, saber qu\u00e9 plan tiene la Diputaci\u00f3n ante la privatizaci\u00f3n y precariedad que est\u00e1 viviendo el sector.<\/p>\n\n\n\n<p>Por todo ello, el sindicato LAB quiere manifestar que la patronal y la Diputaci\u00f3n tienen una responsabilidad directa en la precarizaci\u00f3n de las trabajadoras, en aras de la privatizaci\u00f3n de los servicios p\u00fablicos, ya que est\u00e1n deteriorando sin pudor las condiciones laborales y vulnerando sus derechos fundamentales. Una vez m\u00e1s, han contado con UGT como aliado imprescindible para culminar la en\u00e9sima traici\u00f3n hacia las trabajadoras de este sector.<\/p>\n\n\n\n<p>Este acuerdo que han firmado no es lo que se merecen las trabajadoras del sector, ni tampoco el que se merece Gipuzkoa. Y, si alguien pensaba que con esto se resolver\u00eda algo y que aqu\u00ed se acabar\u00eda este conflicto, est\u00e1 muy equivocado. Este convenio no traer\u00e1 paz social, ya que ni iguala las condiciones de trabajo, ni crea condiciones para dignificar el servicio.<\/p>\n\n\n\n<p>Queremos trasladar a UGT, patronales e instituciones el siguiente mensaje:<\/p>\n\n\n\n<p>Pondremos todas nuestras fuerzas y recursos para defender y combatir los derechos de las trabajadoras centro a centro y pueblo a pueblo; y por otro lado, lucharemos firmemente contra la privatizaci\u00f3n que busca el Gobierno Vasco. Hemos estado en las calles y de ellas no nos mover\u00e1n. Desde LAB realizaremos nuestra labor sindical de centro en centro con responsabilidad y compromiso, y seguiremos interpelando y se\u00f1alando a las instituciones como m\u00e1ximos responsables.<\/p>\n\n\n\n<p>Creemos que en este nuevo ciclo es imprescindible construir alianzas. Por ello, seguiremos compartirendo nuestra lucha y nuestras l\u00edneas de acci\u00f3n con los movimientos sociales y feministas. Trabajaremos y compartiremos espacios con los sectores que luchan por el cambio del actual modelo de cuidados, para ayudar a dar centralidad social a este conflicto y poner en el centro el cuidado y la lucha de las mujeres en la medida en que afectan al conjunto de la sociedad. En este sentido, convocamos a las trabajadoras, residentes, familiares y movimientos sociales de los centros que se ubican en cada localidad a unirnos y organizarnos poniendo en el centro las tareas de cuidados en defensa de nuestros derechos y en contra de la privatizaci\u00f3n de los servicios p\u00fablicos.<\/p>\n\n\n\n<p>Queremos enviar un abrazo a todo el personal de las residencias y hacer un llamamiento para hacer suya esta lucha y salir a la calle con fuerza. Organizaremos asambleas en todos los centros de trabajo que podamos para compartir este ciclo de lucha directamente con las trabajadoras. Nos veremos tanto en las calles como en los centros de trabajo. <\/p>\n\n\n\n<p>LAB mantendr\u00e1 la lucha hasta que en todo Hego Euskal Herria se dignifique y reconozca de una vez por todas la funci\u00f3n esencial de las trabajadoras de este sector; ofreciendo en este nuevo curso marcos y herramientas para la activaci\u00f3n, la organizaci\u00f3n y la lucha en defensa de lo que corresponde a las trabajadoras del sector. Queremos decir alto y claro a las instituciones y patronales responsables que nos tendr\u00e1n enfrente y que seguiremos luchando hasta revertir el actual modelo de cuidados que se sustenta en la precariedad y explotaci\u00f3n de las trabajadoras.<\/p>\n\n\n\n<p>Por \u00faltimo, comunicamos que dos miembros de LAB han sido llamados a declarar el 9 de noviembre. La declaraci\u00f3n est\u00e1 relacionada con el corte de carreteras llevado a cabo durante una jornada de huelga en las residencias de personas mayores de Gipuzkoa. Queremos solidarizarnos con estas personas y denunciar la represi\u00f3n contra la acci\u00f3n sindical.<\/p>\n","protected":false},"excerpt":{"rendered":"<p>Las condiciones y situaciones laborales son diferentes en cada herrialde, pero la precariedad y las vulneraciones de derechos que sufren las trabajadoras tienen el mismo reflejo en el d\u00eda a d\u00eda. As\u00ed, LAB promover\u00e1 la lucha en toda Hego Euskal Herria hasta dignificar y reconocer de una vez por todas la funci\u00f3n fundamental de las trabajadores del sector, ofreci\u00e9ndoles en este nuevo curso marcos y herramientas para la activaci\u00f3n, la organizaci\u00f3n y la lucha.<\/p>\n","protected":false},"author":1189,"featured_media":52148,"comment_status":"closed","ping_status":"closed","sticky":false,"template":"","format":"standard","meta":{"_monsterinsights_skip_tracking":false,"_monsterinsights_sitenote_active":false,"_monsterinsights_sitenote_note":"","_monsterinsights_sitenote_category":0,"footnotes":"","_links_to":"","_links_to_target":""},"categories":[18,3000,6],"tags":[3033,3178,3217,3171],"class_list":{"0":"post-52129","1":"post","2":"type-post","3":"status-publish","4":"format-standard","5":"has-post-thumbnail","7":"category-es-accion-sindical","8":"category-servicio-sociocomunitario","9":"category-es-servicios-publicos","10":"tag-accion-sindical-es","11":"tag-destacado-1","12":"tag-servicios-sociocomunitarios","13":"tag-servicios-publicos-es"},"_links":{"self":[{"href":"https:\/\/www.lab.eus\/es\/wp-json\/wp\/v2\/posts\/52129","targetHints":{"allow":["GET"]}}],"collection":[{"href":"https:\/\/www.lab.eus\/es\/wp-json\/wp\/v2\/posts"}],"about":[{"href":"https:\/\/www.lab.eus\/es\/wp-json\/wp\/v2\/types\/post"}],"author":[{"embeddable":true,"href":"https:\/\/www.lab.eus\/es\/wp-json\/wp\/v2\/users\/1189"}],"replies":[{"embeddable":true,"href":"https:\/\/www.lab.eus\/es\/wp-json\/wp\/v2\/comments?post=52129"}],"version-history":[{"count":0,"href":"https:\/\/www.lab.eus\/es\/wp-json\/wp\/v2\/posts\/52129\/revisions"}],"wp:featuredmedia":[{"embeddable":true,"href":"https:\/\/www.lab.eus\/es\/wp-json\/wp\/v2\/media\/52148"}],"wp:attachment":[{"href":"https:\/\/www.lab.eus\/es\/wp-json\/wp\/v2\/media?parent=52129"}],"wp:term":[{"taxonomy":"category","embeddable":true,"href":"https:\/\/www.lab.eus\/es\/wp-json\/wp\/v2\/categories?post=52129"},{"taxonomy":"post_tag","embeddable":true,"href":"https:\/\/www.lab.eus\/es\/wp-json\/wp\/v2\/tags?post=52129"}],"curies":[{"name":"wp","href":"https:\/\/api.w.org\/{rel}","templated":true}]}}