{"id":51978,"date":"2022-10-20T09:56:03","date_gmt":"2022-10-20T09:56:03","guid":{"rendered":"https:\/\/www.lab.eus\/?p=51978"},"modified":"2022-10-20T09:56:05","modified_gmt":"2022-10-20T09:56:05","slug":"hemos-exigido-ante-el-consejo-de-gobierno-de-la-upv-que-se-mantengan-los-acuerdos-de-jubilacion-en-vigor-y-se-impulse-el-rejuvenecimiento-y-estabilidad-del-personal","status":"publish","type":"post","link":"https:\/\/www.lab.eus\/es\/hemos-exigido-ante-el-consejo-de-gobierno-de-la-upv-que-se-mantengan-los-acuerdos-de-jubilacion-en-vigor-y-se-impulse-el-rejuvenecimiento-y-estabilidad-del-personal\/","title":{"rendered":"Hemos exigido ante el Consejo de Gobierno de la UPV que se mantengan los acuerdos de jubilaci\u00f3n en vigor y se impulse el rejuvenecimiento y estabilidad del personal"},"content":{"rendered":"\n<p>Mediante una concentraci\u00f3n realizada esta ma\u00f1ana ante el Bizkaia Aretoa hemos denunciado que, en el punto 5 de la la reuni\u00f3n del Consejo de Gobierno de la UPV\/EHU de hoy, bajo el t\u00edtulo \u201cI Plan de Racionalizaci\u00f3n de Recursos Humanos. Medidas para pasar a la situaci\u00f3n de jubilaci\u00f3n\u201d, no hay m\u00e1s que una propuesta de anulaci\u00f3n de los acuerdos en vigor para promover la jubilaci\u00f3n del personal de la UPV\/EHU. Adem\u00e1s, hemos remitido una\u00a0carta abierta a las personas que forman parte del Consejo de Gobierno explicando la medida adoptada por la Direcci\u00f3n de la Universidad en contra de los derechos de las trabajadoras y los trabajadores y solicit\u00e1ndoles que se apoyen la petici\u00f3n de retirada del punto, dando paso a una negociaci\u00f3n real.<\/p>\n\n\n\n<p>Tal y como se anunci\u00f3, LAB llev\u00f3 a cabo movilizaciones el pasado viernes en las cuatro capitales de Hego Euskal Herria reivindicando un empleo p\u00fablico digno, exigiendo que se garantice el poder adquisitivo en la funci\u00f3n p\u00fablica y denunciando acuerdos totalmente ajenos provenientes del Estado. Representantes del PAS y PDI de la UPV\/EHU tambi\u00e9n participamos en estas movilizaciones en protesta por los recortes que \u00faltimamente la UPV\/EHU quiere imponer a su plantilla. La del 14 de octubre supuso tan s\u00f3lo el arranque de las movilizaciones que pretendemos &nbsp;llevar a cabo desde LAB para denunciar estos recortes.<\/p>\n\n\n\n<p>En el caso de la UPV\/EHU estos d\u00edas ha cobrado especial relevancia la propuesta de reducci\u00f3n de incentivos a las jubilaciones presentada por la direcci\u00f3n de la UPV\/EHU con el inicio del nuevo curso. En las propuestas ha presentado en las reuniones de la comisi\u00f3n t\u00e9cnica sobre jubilaciones a lo largo de los meses de septiembre y octubre ha quedado claro que la direcci\u00f3n no tiene ninguna intenci\u00f3n de consensuar nada con la parte social.&nbsp;<\/p>\n\n\n\n<p><strong>\u00abNegociaciones\u00bb sin buena fe<\/strong><\/p>\n\n\n\n<p>La administraci\u00f3n ha pretendido enmascarar mediante estas reuniones de \u00abnegociaci\u00f3n\u00bb lo que desde su inicio no ha sido m\u00e1s que un ataque en contra de los derechos laborales, para que, una vez constatado el \u201cfracaso\u201d de las mismas, sentirse libre de aprobar unilateralmente en el Consejo de Gobierno de hoy, 20 de octubre, lo que ha denominado \u201cFase I Plan de Racionalizaci\u00f3n de Recursos Humanos: Medidas de tr\u00e1nsito para la jubilaci\u00f3n\u201d. El proceso que se ha llevado a cabo estos dos meses ha sido una farsa; una imposici\u00f3n establecida desde Madrid, que la UPV\/EHU, de la mano del Gobierno Vasco, no ha dudado en hacer suya y aplicarla sin ninguna verg\u00fcenza en contra de los intereses de su propia plantilla. <\/p>\n\n\n\n<p>Desde LAB queremos denunciar duramente la sumisi\u00f3n mostrada por las autoridades universitarias y el Gobierno Vasco hacia las \u00f3rdenes provenientes de Madrid.<\/p>\n\n\n\n<p>Sorprende tambi\u00e9n el grado de cinismo que algunos sindicatos de \u00e1mbito estatal han mostrado ante este asunto. Son capaces, sin ning\u00fan pudor, de firmar un d\u00eda en Madrid, dentro del marco del Pacto Social que han difundido a los cuatro vientos, un acuerdo que premia y promueve el retraso de las jubilaciones, y al d\u00eda siguiente, en la UPV\/EHU, levantarse de las mesas de negociaci\u00f3n y lanzar las proclamas, supuestamente, m\u00e1s vehementes, en contra de las medidas que pretenden implementar el acuerdo que ellos mismos han firmado en Madrid, tratando de ocultar lo que han hecho ante las trabajadoras y trabajadores de la UPV\/EHU. Desde LAB no estamos dispuestos a justificar las actitudes de quienes, en nombre de una posible eficacia de la unidad sindical, impulsan en Madrid medidas contrarias a los intereses de la clase trabajadora del sector p\u00fablico vasco. Este es el principal motivo por el que LAB no comparte las convocatorias conjuntas de otros sindicatos.<\/p>\n\n\n\n<p>LAB ha iniciado una din\u00e1mica de movilizaciones para buscar una negociaci\u00f3n real y hacer frente a los recortes que se nos plantean. Iniciamos esta din\u00e1mica el pasado 14 de octubre y hoy nos hemos concentrado ante el Consejo de Gobierno, un \u00f3rgano en el que la direcci\u00f3n de la UPV\/EHU pretende, de forma unilateral, derogar los acuerdos de jubilaci\u00f3n que han estado en vigor hasta ahora y sustituirlos por nuevos planes restrictivos.<\/p>\n\n\n\n<p>Para terminar, nos gustar\u00eda recordar que en Euskal Herria, y en concreto en la UPV\/EHU, existen otras mayor\u00edas sindicales. Y, aunque, debido a la premura y a las circunstancias descritas, hemos decidido iniciar las movilizaciones por nuestra cuenta, no descartamos sumarnos m\u00e1s adelante&nbsp;&nbsp;a otras fuerzas sindicales en torno a una lectura compartida de la situaci\u00f3n.&nbsp;<\/p>\n","protected":false},"excerpt":{"rendered":"<p>Queremos denunciar duramente la sumisi\u00f3n mostrada por las autoridades universitarias y el Gobierno Vasco hacia las \u00f3rdenes provenientes de Madrid.<\/p>\n","protected":false},"author":1189,"featured_media":51974,"comment_status":"closed","ping_status":"closed","sticky":false,"template":"","format":"standard","meta":{"_monsterinsights_skip_tracking":false,"_monsterinsights_sitenote_active":false,"_monsterinsights_sitenote_note":"","_monsterinsights_sitenote_category":0,"footnotes":"","_links_to":"","_links_to_target":""},"categories":[18,2990,33,6,3283,3059],"tags":[3178,3266,3194,3171],"class_list":{"0":"post-51978","1":"post","2":"type-post","3":"status-publish","4":"format-standard","5":"has-post-thumbnail","7":"category-es-accion-sindical","8":"category-educacion","9":"category-es-ensenanza","10":"category-es-servicios-publicos","11":"category-sin-categorizar","12":"category-universidad","13":"tag-destacado-1","14":"tag-educacion-es","15":"tag-ensenanza-es","16":"tag-servicios-publicos-es"},"_links":{"self":[{"href":"https:\/\/www.lab.eus\/es\/wp-json\/wp\/v2\/posts\/51978","targetHints":{"allow":["GET"]}}],"collection":[{"href":"https:\/\/www.lab.eus\/es\/wp-json\/wp\/v2\/posts"}],"about":[{"href":"https:\/\/www.lab.eus\/es\/wp-json\/wp\/v2\/types\/post"}],"author":[{"embeddable":true,"href":"https:\/\/www.lab.eus\/es\/wp-json\/wp\/v2\/users\/1189"}],"replies":[{"embeddable":true,"href":"https:\/\/www.lab.eus\/es\/wp-json\/wp\/v2\/comments?post=51978"}],"version-history":[{"count":0,"href":"https:\/\/www.lab.eus\/es\/wp-json\/wp\/v2\/posts\/51978\/revisions"}],"wp:featuredmedia":[{"embeddable":true,"href":"https:\/\/www.lab.eus\/es\/wp-json\/wp\/v2\/media\/51974"}],"wp:attachment":[{"href":"https:\/\/www.lab.eus\/es\/wp-json\/wp\/v2\/media?parent=51978"}],"wp:term":[{"taxonomy":"category","embeddable":true,"href":"https:\/\/www.lab.eus\/es\/wp-json\/wp\/v2\/categories?post=51978"},{"taxonomy":"post_tag","embeddable":true,"href":"https:\/\/www.lab.eus\/es\/wp-json\/wp\/v2\/tags?post=51978"}],"curies":[{"name":"wp","href":"https:\/\/api.w.org\/{rel}","templated":true}]}}