{"id":51485,"date":"2022-10-06T10:13:50","date_gmt":"2022-10-06T10:13:50","guid":{"rendered":"https:\/\/www.lab.eus\/?p=51485"},"modified":"2022-10-06T10:13:52","modified_gmt":"2022-10-06T10:13:52","slug":"hemos-reafirmado-tambien-en-gasteiz-que-afrontamos-el-reto-de-las-elecciones-sindicales-con-ilusion-y-fuerza","status":"publish","type":"post","link":"https:\/\/www.lab.eus\/es\/hemos-reafirmado-tambien-en-gasteiz-que-afrontamos-el-reto-de-las-elecciones-sindicales-con-ilusion-y-fuerza\/","title":{"rendered":"Hemos reafirmado, tambi\u00e9n en Gasteiz, que afrontamos el reto de las elecciones sindicales con ilusi\u00f3n y fuerza"},"content":{"rendered":"\n<p>Estamos inmersas e inmersos de lleno en el periodo concentrado de elecciones sindicales. En ese contexto, nos hemos reunido hoy en Gasteiz con nuestras y nuestros delegados sindicales para trasladarles los retos que tenemos entre manos. El acto ha tenido lugar en el centro c\u00edvico Aldabe, donde las y los asistentes han mostrado el mismo af\u00e1n de lucha mostrado en los actos celebrados en <a href=\"https:\/\/www.lab.eus\/es\/hemos-ofrecido-a-las-trabajadoras-y-a-los-trabajadores-vascos-ser-protagonistas-del-cambio\/\">Bilbo<\/a> y <a href=\"https:\/\/www.lab.eus\/es\/el-nuevo-sindicalismo-vasco-que-representamos-llega-con-mas-fuerza-que-nunca-al-periodo-concentrado-de-las-elecciones-sindicales\/\">Donostia<\/a>. Ma\u00f1ana ser\u00e1 el turno de Iru\u00f1ea. El front\u00f3n Labrit acoger\u00e1, a las 18:00, el acto dirigido a las y los delegados de Nafarroa.<\/p>\n\n\n\n<p>En Gasteiz, al igual que en las anteriores citas, se ha puesto de manifiesto que los miembros de LAB afrontamos el reto de las elecciones sindicales con ilusi\u00f3n y fuerza. En este sentido, tal y como hemos remarcado en el acto, el nuevo sindicalismo vasco, representado por LAB, llega con m\u00e1s fuerza que nunca al periodo concentrado de elecciones sindicales. As\u00ed lo ha manifestado la secretaria de Acci\u00f3n Sindical y Negociaci\u00f3n Colectiva, Oihana Lopetegi.<\/p>\n","protected":false},"excerpt":{"rendered":"<p>Estamos inmersas e inmersos de lleno en el periodo concentrado de elecciones sindicales. En ese contexto, nos hemos reunido hoy en Gasteiz con nuestras y nuestros delegados sindicales para trasladarles los retos que tenemos entre manos. El acto ha tenido lugar en el centro c\u00edvico Aldabe, donde las y los asistentes han mostrado el mismo af\u00e1n de lucha mostrado en los actos celebrados en Bilbo y Donostia.<\/p>\n","protected":false},"author":1189,"featured_media":51526,"comment_status":"closed","ping_status":"closed","sticky":false,"template":"","format":"standard","meta":{"_monsterinsights_skip_tracking":false,"_monsterinsights_sitenote_active":false,"_monsterinsights_sitenote_note":"","_monsterinsights_sitenote_category":0,"footnotes":"","_links_to":"","_links_to_target":""},"categories":[3402,18,2994,11],"tags":[3033,3182,3178,3589],"class_list":{"0":"post-51485","1":"post","2":"type-post","3":"status-publish","4":"format-standard","5":"has-post-thumbnail","7":"category-accion-politica","8":"category-es-accion-sindical","9":"category-accion-social","10":"category-es-sindicato-lab","11":"tag-accion-sindical-es","12":"tag-accion-social-es","13":"tag-destacado-1","14":"tag-zurekinbagara-es"},"_links":{"self":[{"href":"https:\/\/www.lab.eus\/es\/wp-json\/wp\/v2\/posts\/51485","targetHints":{"allow":["GET"]}}],"collection":[{"href":"https:\/\/www.lab.eus\/es\/wp-json\/wp\/v2\/posts"}],"about":[{"href":"https:\/\/www.lab.eus\/es\/wp-json\/wp\/v2\/types\/post"}],"author":[{"embeddable":true,"href":"https:\/\/www.lab.eus\/es\/wp-json\/wp\/v2\/users\/1189"}],"replies":[{"embeddable":true,"href":"https:\/\/www.lab.eus\/es\/wp-json\/wp\/v2\/comments?post=51485"}],"version-history":[{"count":0,"href":"https:\/\/www.lab.eus\/es\/wp-json\/wp\/v2\/posts\/51485\/revisions"}],"wp:featuredmedia":[{"embeddable":true,"href":"https:\/\/www.lab.eus\/es\/wp-json\/wp\/v2\/media\/51526"}],"wp:attachment":[{"href":"https:\/\/www.lab.eus\/es\/wp-json\/wp\/v2\/media?parent=51485"}],"wp:term":[{"taxonomy":"category","embeddable":true,"href":"https:\/\/www.lab.eus\/es\/wp-json\/wp\/v2\/categories?post=51485"},{"taxonomy":"post_tag","embeddable":true,"href":"https:\/\/www.lab.eus\/es\/wp-json\/wp\/v2\/tags?post=51485"}],"curies":[{"name":"wp","href":"https:\/\/api.w.org\/{rel}","templated":true}]}}