{"id":51468,"date":"2022-10-07T17:48:27","date_gmt":"2022-10-07T17:48:27","guid":{"rendered":"https:\/\/www.lab.eus\/?p=51468"},"modified":"2022-10-10T08:53:18","modified_gmt":"2022-10-10T08:53:18","slug":"somos-un-sindicato-que-promueve-cambios-de-calado","status":"publish","type":"post","link":"https:\/\/www.lab.eus\/es\/somos-un-sindicato-que-promueve-cambios-de-calado\/","title":{"rendered":"\u00abSomos un sindicato que promueve cambios de calado\u00bb"},"content":{"rendered":"\n<p>Este mes hemos estado con cientos de delegadas y delegados del sindicato en las cuatro capitales de Hego Euskal Herria, <a href=\"https:\/\/www.lab.eus\/es\/tag\/zurekinbagara-es\/\">coincidiendo con el inicio del periodo concentrado de elecciones sindicales<\/a>, y hemos llevado a cabo una iniciativa itinerante en Ipar Euskal Herria para conocer de primera mano las preocupaciones de las y los trabajadores. Pues bien, el front\u00f3n Labrit de Iru\u00f1ea ha albergado el \u00faltimo de los cuatro actos realizados en las capitales, donde hemos vuelto a destacar que la lucha merece la pena. <a href=\"https:\/\/www.lab.eus\/es\/?s=%23lortudugu\">Los resultados saltan a la vista<\/a>. \u00a0LAB ha participado en 171 luchas en el \u00faltimo a\u00f1o laboral y, desde julio, ha conseguido desbloquear 8 convenios provinciales, el \u00faltimo el del metal de Araba, resultado hist\u00f3rico de una lucha hist\u00f3rica.<\/p>\n\n\n\n<figure class=\"wp-block-embed is-type-video is-provider-youtube wp-block-embed-youtube wp-embed-aspect-16-9 wp-has-aspect-ratio\"><div class=\"wp-block-embed__wrapper\">\n<div class=\"youtube-embed\" data-video_id=\"OQ-whhFqedg\"><iframe loading=\"lazy\" title=\"Aldaketa sakonak bultzatzen dituen sindikatua gara\" width=\"696\" height=\"392\" src=\"https:\/\/www.youtube.com\/embed\/OQ-whhFqedg?start=24&#038;feature=oembed\" frameborder=\"0\" allow=\"accelerometer; autoplay; clipboard-write; encrypted-media; gyroscope; picture-in-picture\" allowfullscreen><\/iframe><\/div>\n<\/div><\/figure>\n\n\n\n<p>En el acto de Iru\u00f1ea, han tomado la palabra la coordinadora general, Garbi\u00f1e Aranburu, y el portavoz de Nafarroa, Imanol Karrera, entre otras personas, y han se\u00f1alado que el nuevo sindicalismo vasco que representa LAB est\u00e1 m\u00e1s fuerte que nunca. En concreto, han se\u00f1alado que las elecciones sindicales son especiales porque son un ejercicio de empoderamiento. Y el sindicalismo suele crecer a trav\u00e9s de peque\u00f1os procesos de empoderamiento. De hecho, a trav\u00e9s de este tipo de pasos, las y los trabajadores nos hemos convertido en protagonistas de la historia; adquiriendo derechos, provocando cambios.<\/p>\n\n\n\n<p>As\u00ed las cosas, LAB quiere ofrecer a las y los trabajadores de Euskal Herria ser protagonistas del cambio, tanto a trav\u00e9s de las elecciones sindicales como de la lucha diaria. As\u00ed, desde el sindicato hemos hecho un llamamiento a la organizaci\u00f3n y a la lucha colectiva. Porque cuanto m\u00e1s s\u00f3lido sea LAB, m\u00e1s fuerte ser\u00e1 la clase trabajadora vasca. \u00abSomos un sindicato que promueve cambios de calado\u00bb, hemos remarcado en el acto del Labrit.<\/p>\n\n\n\n<figure class=\"wp-block-gallery columns-3 is-cropped wp-block-gallery-1 is-layout-flex wp-block-gallery-is-layout-flex\"><ul class=\"blocks-gallery-grid\"><li class=\"blocks-gallery-item\"><figure><img loading=\"lazy\" decoding=\"async\" width=\"1023\" height=\"1024\" src=\"https:\/\/www.lab.eus\/wp-content\/uploads\/2022\/10\/20221007_190751.jpg\" alt=\"\" data-id=\"51628\" data-link=\"https:\/\/www.lab.eus\/?attachment_id=51628\" class=\"wp-image-51629\" srcset=\"https:\/\/www.lab.eus\/wp-content\/uploads\/2022\/10\/20221007_190751.jpg 1023w, https:\/\/www.lab.eus\/wp-content\/uploads\/2022\/10\/20221007_190751-300x300.jpg 300w, https:\/\/www.lab.eus\/wp-content\/uploads\/2022\/10\/20221007_190751-150x150.jpg 150w, https:\/\/www.lab.eus\/wp-content\/uploads\/2022\/10\/20221007_190751-768x769.jpg 768w, https:\/\/www.lab.eus\/wp-content\/uploads\/2022\/10\/20221007_190751-696x697.jpg 696w, https:\/\/www.lab.eus\/wp-content\/uploads\/2022\/10\/20221007_190751-420x420.jpg 420w\" sizes=\"auto, (max-width: 1023px) 100vw, 1023px\" \/><\/figure><\/li><li class=\"blocks-gallery-item\"><figure><img loading=\"lazy\" decoding=\"async\" width=\"1024\" height=\"1024\" src=\"https:\/\/www.lab.eus\/wp-content\/uploads\/2022\/10\/20221007_190745-1024x1024.jpg\" alt=\"\" data-id=\"51630\" data-link=\"https:\/\/www.lab.eus\/?attachment_id=51630\" class=\"wp-image-51630\" srcset=\"https:\/\/www.lab.eus\/wp-content\/uploads\/2022\/10\/20221007_190745.jpg 1024w, https:\/\/www.lab.eus\/wp-content\/uploads\/2022\/10\/20221007_190745-300x300.jpg 300w, https:\/\/www.lab.eus\/wp-content\/uploads\/2022\/10\/20221007_190745-150x150.jpg 150w, https:\/\/www.lab.eus\/wp-content\/uploads\/2022\/10\/20221007_190745-768x768.jpg 768w, https:\/\/www.lab.eus\/wp-content\/uploads\/2022\/10\/20221007_190745-696x696.jpg 696w, https:\/\/www.lab.eus\/wp-content\/uploads\/2022\/10\/20221007_190745-420x420.jpg 420w\" sizes=\"auto, (max-width: 1024px) 100vw, 1024px\" \/><\/figure><\/li><li class=\"blocks-gallery-item\"><figure><img loading=\"lazy\" decoding=\"async\" width=\"1024\" height=\"461\" src=\"https:\/\/www.lab.eus\/wp-content\/uploads\/2022\/10\/20221007_190723-1024x461.jpg\" alt=\"\" data-id=\"51632\" data-link=\"https:\/\/www.lab.eus\/?attachment_id=51632\" class=\"wp-image-51632\" srcset=\"https:\/\/www.lab.eus\/wp-content\/uploads\/2022\/10\/20221007_190723-1024x461.jpg 1024w, https:\/\/www.lab.eus\/wp-content\/uploads\/2022\/10\/20221007_190723-300x135.jpg 300w, https:\/\/www.lab.eus\/wp-content\/uploads\/2022\/10\/20221007_190723-768x346.jpg 768w, https:\/\/www.lab.eus\/wp-content\/uploads\/2022\/10\/20221007_190723-1536x691.jpg 1536w, https:\/\/www.lab.eus\/wp-content\/uploads\/2022\/10\/20221007_190723-150x68.jpg 150w, https:\/\/www.lab.eus\/wp-content\/uploads\/2022\/10\/20221007_190723-696x313.jpg 696w, https:\/\/www.lab.eus\/wp-content\/uploads\/2022\/10\/20221007_190723-1068x481.jpg 1068w, https:\/\/www.lab.eus\/wp-content\/uploads\/2022\/10\/20221007_190723-1920x864.jpg 1920w, https:\/\/www.lab.eus\/wp-content\/uploads\/2022\/10\/20221007_190723-933x420.jpg 933w, https:\/\/www.lab.eus\/wp-content\/uploads\/2022\/10\/20221007_190723.jpg 2000w\" sizes=\"auto, (max-width: 1024px) 100vw, 1024px\" \/><\/figure><\/li><li class=\"blocks-gallery-item\"><figure><img loading=\"lazy\" decoding=\"async\" width=\"720\" height=\"410\" src=\"https:\/\/www.lab.eus\/wp-content\/uploads\/2022\/10\/Screenshot_2022-10-07-19-42-37-48_0b2fce7a16bf2b728d6ffa28c8d60efb.jpg\" alt=\"\" data-id=\"51652\" data-full-url=\"https:\/\/www.lab.eus\/wp-content\/uploads\/2022\/10\/Screenshot_2022-10-07-19-42-37-48_0b2fce7a16bf2b728d6ffa28c8d60efb.jpg\" data-link=\"https:\/\/www.lab.eus\/?attachment_id=51652\" class=\"wp-image-51653\" srcset=\"https:\/\/www.lab.eus\/wp-content\/uploads\/2022\/10\/Screenshot_2022-10-07-19-42-37-48_0b2fce7a16bf2b728d6ffa28c8d60efb.jpg 720w, https:\/\/www.lab.eus\/wp-content\/uploads\/2022\/10\/Screenshot_2022-10-07-19-42-37-48_0b2fce7a16bf2b728d6ffa28c8d60efb-300x171.jpg 300w, https:\/\/www.lab.eus\/wp-content\/uploads\/2022\/10\/Screenshot_2022-10-07-19-42-37-48_0b2fce7a16bf2b728d6ffa28c8d60efb-150x85.jpg 150w, https:\/\/www.lab.eus\/wp-content\/uploads\/2022\/10\/Screenshot_2022-10-07-19-42-37-48_0b2fce7a16bf2b728d6ffa28c8d60efb-696x396.jpg 696w\" sizes=\"auto, (max-width: 720px) 100vw, 720px\" \/><\/figure><\/li><li class=\"blocks-gallery-item\"><figure><img loading=\"lazy\" decoding=\"async\" width=\"1024\" height=\"576\" src=\"https:\/\/www.lab.eus\/wp-content\/uploads\/2022\/10\/20221007_185352.jpg\" alt=\"\" data-id=\"51634\" data-link=\"https:\/\/www.lab.eus\/?attachment_id=51634\" class=\"wp-image-51635\" srcset=\"https:\/\/www.lab.eus\/wp-content\/uploads\/2022\/10\/20221007_185352.jpg 1024w, https:\/\/www.lab.eus\/wp-content\/uploads\/2022\/10\/20221007_185352-300x169.jpg 300w, https:\/\/www.lab.eus\/wp-content\/uploads\/2022\/10\/20221007_185352-768x432.jpg 768w, https:\/\/www.lab.eus\/wp-content\/uploads\/2022\/10\/20221007_185352-150x84.jpg 150w, https:\/\/www.lab.eus\/wp-content\/uploads\/2022\/10\/20221007_185352-696x392.jpg 696w, https:\/\/www.lab.eus\/wp-content\/uploads\/2022\/10\/20221007_185352-747x420.jpg 747w\" sizes=\"auto, (max-width: 1024px) 100vw, 1024px\" \/><\/figure><\/li><li class=\"blocks-gallery-item\"><figure><img loading=\"lazy\" decoding=\"async\" width=\"1024\" height=\"576\" src=\"https:\/\/www.lab.eus\/wp-content\/uploads\/2022\/10\/20221007_184653.jpg\" alt=\"\" data-id=\"51636\" data-link=\"https:\/\/www.lab.eus\/?attachment_id=51636\" class=\"wp-image-51637\" srcset=\"https:\/\/www.lab.eus\/wp-content\/uploads\/2022\/10\/20221007_184653.jpg 1024w, https:\/\/www.lab.eus\/wp-content\/uploads\/2022\/10\/20221007_184653-300x169.jpg 300w, https:\/\/www.lab.eus\/wp-content\/uploads\/2022\/10\/20221007_184653-768x432.jpg 768w, https:\/\/www.lab.eus\/wp-content\/uploads\/2022\/10\/20221007_184653-150x84.jpg 150w, https:\/\/www.lab.eus\/wp-content\/uploads\/2022\/10\/20221007_184653-696x392.jpg 696w, https:\/\/www.lab.eus\/wp-content\/uploads\/2022\/10\/20221007_184653-747x420.jpg 747w\" sizes=\"auto, (max-width: 1024px) 100vw, 1024px\" \/><\/figure><\/li><li class=\"blocks-gallery-item\"><figure><img loading=\"lazy\" decoding=\"async\" width=\"720\" height=\"410\" src=\"https:\/\/www.lab.eus\/wp-content\/uploads\/2022\/10\/Screenshot_2022-10-07-18-45-31-87_0b2fce7a16bf2b728d6ffa28c8d60efb.jpg\" alt=\"\" data-id=\"51640\" data-link=\"https:\/\/www.lab.eus\/?attachment_id=51640\" class=\"wp-image-51641\" srcset=\"https:\/\/www.lab.eus\/wp-content\/uploads\/2022\/10\/Screenshot_2022-10-07-18-45-31-87_0b2fce7a16bf2b728d6ffa28c8d60efb.jpg 720w, https:\/\/www.lab.eus\/wp-content\/uploads\/2022\/10\/Screenshot_2022-10-07-18-45-31-87_0b2fce7a16bf2b728d6ffa28c8d60efb-300x171.jpg 300w, https:\/\/www.lab.eus\/wp-content\/uploads\/2022\/10\/Screenshot_2022-10-07-18-45-31-87_0b2fce7a16bf2b728d6ffa28c8d60efb-150x85.jpg 150w, https:\/\/www.lab.eus\/wp-content\/uploads\/2022\/10\/Screenshot_2022-10-07-18-45-31-87_0b2fce7a16bf2b728d6ffa28c8d60efb-696x396.jpg 696w\" sizes=\"auto, (max-width: 720px) 100vw, 720px\" \/><\/figure><\/li><li class=\"blocks-gallery-item\"><figure><img loading=\"lazy\" decoding=\"async\" width=\"720\" height=\"400\" src=\"https:\/\/www.lab.eus\/wp-content\/uploads\/2022\/10\/Screenshot_2022-10-07-19-38-17-48_0b2fce7a16bf2b728d6ffa28c8d60efb.jpg\" alt=\"\" data-id=\"51654\" data-full-url=\"https:\/\/www.lab.eus\/wp-content\/uploads\/2022\/10\/Screenshot_2022-10-07-19-38-17-48_0b2fce7a16bf2b728d6ffa28c8d60efb.jpg\" data-link=\"https:\/\/www.lab.eus\/?attachment_id=51654\" class=\"wp-image-51655\" srcset=\"https:\/\/www.lab.eus\/wp-content\/uploads\/2022\/10\/Screenshot_2022-10-07-19-38-17-48_0b2fce7a16bf2b728d6ffa28c8d60efb.jpg 720w, https:\/\/www.lab.eus\/wp-content\/uploads\/2022\/10\/Screenshot_2022-10-07-19-38-17-48_0b2fce7a16bf2b728d6ffa28c8d60efb-300x167.jpg 300w, https:\/\/www.lab.eus\/wp-content\/uploads\/2022\/10\/Screenshot_2022-10-07-19-38-17-48_0b2fce7a16bf2b728d6ffa28c8d60efb-150x83.jpg 150w, https:\/\/www.lab.eus\/wp-content\/uploads\/2022\/10\/Screenshot_2022-10-07-19-38-17-48_0b2fce7a16bf2b728d6ffa28c8d60efb-696x387.jpg 696w\" sizes=\"auto, (max-width: 720px) 100vw, 720px\" \/><\/figure><\/li><\/ul><\/figure>\n","protected":false},"excerpt":{"rendered":"<p>Este mes hemos estado con cientos de delegadas y delegados del sindicato en las cuatro capitales de Hego Euskal Herria, coincidiendo con el inicio del periodo concentrado de elecciones sindicales, y hemos llevado a cabo una iniciativa itinerante en Ipar Euskal Herria para conocer de primera mano las preocupaciones de las y los trabajadores. Pues bien, el front\u00f3n Labrit de Iru\u00f1ea ha albergado el \u00faltimo de los cuatro actos realizados en las capitales, donde hemos vuelto a destacar que la lucha merece la pena. Los resultados saltan a la vista.<\/p>\n","protected":false},"author":1189,"featured_media":51651,"comment_status":"closed","ping_status":"closed","sticky":false,"template":"","format":"video","meta":{"_monsterinsights_skip_tracking":false,"_monsterinsights_sitenote_active":false,"_monsterinsights_sitenote_note":"","_monsterinsights_sitenote_category":0,"footnotes":"","_links_to":"","_links_to_target":""},"categories":[3402,18,2994,11],"tags":[3033,3182,3180,3260,3589],"class_list":{"0":"post-51468","1":"post","2":"type-post","3":"status-publish","4":"format-video","5":"has-post-thumbnail","7":"category-accion-politica","8":"category-es-accion-sindical","9":"category-accion-social","10":"category-es-sindicato-lab","11":"tag-accion-sindical-es","12":"tag-accion-social-es","13":"tag-destacado-3","14":"tag-sindicato-lab-es","15":"tag-zurekinbagara-es","16":"post_format-post-format-video"},"_links":{"self":[{"href":"https:\/\/www.lab.eus\/es\/wp-json\/wp\/v2\/posts\/51468","targetHints":{"allow":["GET"]}}],"collection":[{"href":"https:\/\/www.lab.eus\/es\/wp-json\/wp\/v2\/posts"}],"about":[{"href":"https:\/\/www.lab.eus\/es\/wp-json\/wp\/v2\/types\/post"}],"author":[{"embeddable":true,"href":"https:\/\/www.lab.eus\/es\/wp-json\/wp\/v2\/users\/1189"}],"replies":[{"embeddable":true,"href":"https:\/\/www.lab.eus\/es\/wp-json\/wp\/v2\/comments?post=51468"}],"version-history":[{"count":0,"href":"https:\/\/www.lab.eus\/es\/wp-json\/wp\/v2\/posts\/51468\/revisions"}],"wp:featuredmedia":[{"embeddable":true,"href":"https:\/\/www.lab.eus\/es\/wp-json\/wp\/v2\/media\/51651"}],"wp:attachment":[{"href":"https:\/\/www.lab.eus\/es\/wp-json\/wp\/v2\/media?parent=51468"}],"wp:term":[{"taxonomy":"category","embeddable":true,"href":"https:\/\/www.lab.eus\/es\/wp-json\/wp\/v2\/categories?post=51468"},{"taxonomy":"post_tag","embeddable":true,"href":"https:\/\/www.lab.eus\/es\/wp-json\/wp\/v2\/tags?post=51468"}],"curies":[{"name":"wp","href":"https:\/\/api.w.org\/{rel}","templated":true}]}}