{"id":51410,"date":"2022-10-04T07:56:59","date_gmt":"2022-10-04T07:56:59","guid":{"rendered":"https:\/\/www.lab.eus\/?p=51410"},"modified":"2022-10-04T07:59:09","modified_gmt":"2022-10-04T07:59:09","slug":"hemos-convocado-paros-para-el-7-de-octubre-en-los-servicios-de-ota-y-gruas-de-gipuzkoa","status":"publish","type":"post","link":"https:\/\/www.lab.eus\/es\/hemos-convocado-paros-para-el-7-de-octubre-en-los-servicios-de-ota-y-gruas-de-gipuzkoa\/","title":{"rendered":"Hemos convocado paros para el 7 de octubre en los servicios de OTA y Gr\u00faas de Gipuzkoa"},"content":{"rendered":"\n<p>Despu\u00e9s de m\u00e1s de un a\u00f1o celebrando m\u00e1s de una decena de reuniones de la mesa negociadora del Convenio Colectivo de la OTA en Gipuzkoa, dicha mesa est\u00e1 bloqueada. Es por eso que las plantillas de la OTA y Gr\u00faas han decidido parar entre las 9.00 y la 13.30 del viernes 7 de octubre.<\/p>\n\n\n\n<p>Los sindicatos convocantes del paro, (LAB, ELA y CCOO) exigimos, tanto a la patronal estatal Asesga como a los \u00faltimos responsables del servicio que son los ayuntamientos, que se negocie de buena fe y se busquen v\u00edas para desbloquear la situaci\u00f3n.<\/p>\n\n\n\n<p>El objetivo de los sindicatos es la garant\u00eda del IPC y trabajar 35 horas semanales. Dichas propuestas se enmarcan en reivindicaciones hist\u00f3ricas de conservar el poder adquisitivo y trabajar las mismas horas que cualquier trabajadora y trabajador p\u00fablico, puesto que las y los trabajadores dan un servicio p\u00fablico.<\/p>\n\n\n\n<p>La postura patronal, en cambio, se sit\u00faa en una subida salarial total del 3% entre los a\u00f1os 2021-2024, adem\u00e1s de recortes en antig\u00fcedad y complementos de bajas.<\/p>\n\n\n\n<p>Por todo ello, los sindicatos LAB, ELA y CCOO hemos convocado el paro del 7 de octubre a la ma\u00f1ana, junto a una manifestaci\u00f3n a las 10.30 en Amara y una asamblea en la cual se debatir\u00e1 un calendario de movilizaciones futuras.<\/p>\n","protected":false},"excerpt":{"rendered":"<p>El objetivo de los sindicatos es la garant\u00eda del IPC y trabajar 35 horas semanales.<\/p>\n","protected":false},"author":1189,"featured_media":51412,"comment_status":"closed","ping_status":"closed","sticky":false,"template":"","format":"standard","meta":{"_monsterinsights_skip_tracking":false,"_monsterinsights_sitenote_active":false,"_monsterinsights_sitenote_note":"","_monsterinsights_sitenote_category":0,"footnotes":"","_links_to":"","_links_to_target":""},"categories":[18,8],"tags":[3033,3178,3172],"class_list":{"0":"post-51410","1":"post","2":"type-post","3":"status-publish","4":"format-standard","5":"has-post-thumbnail","7":"category-es-accion-sindical","8":"category-es-servicios-privados","9":"tag-accion-sindical-es","10":"tag-destacado-1","11":"tag-servicios-privados-es"},"_links":{"self":[{"href":"https:\/\/www.lab.eus\/es\/wp-json\/wp\/v2\/posts\/51410","targetHints":{"allow":["GET"]}}],"collection":[{"href":"https:\/\/www.lab.eus\/es\/wp-json\/wp\/v2\/posts"}],"about":[{"href":"https:\/\/www.lab.eus\/es\/wp-json\/wp\/v2\/types\/post"}],"author":[{"embeddable":true,"href":"https:\/\/www.lab.eus\/es\/wp-json\/wp\/v2\/users\/1189"}],"replies":[{"embeddable":true,"href":"https:\/\/www.lab.eus\/es\/wp-json\/wp\/v2\/comments?post=51410"}],"version-history":[{"count":0,"href":"https:\/\/www.lab.eus\/es\/wp-json\/wp\/v2\/posts\/51410\/revisions"}],"wp:featuredmedia":[{"embeddable":true,"href":"https:\/\/www.lab.eus\/es\/wp-json\/wp\/v2\/media\/51412"}],"wp:attachment":[{"href":"https:\/\/www.lab.eus\/es\/wp-json\/wp\/v2\/media?parent=51410"}],"wp:term":[{"taxonomy":"category","embeddable":true,"href":"https:\/\/www.lab.eus\/es\/wp-json\/wp\/v2\/categories?post=51410"},{"taxonomy":"post_tag","embeddable":true,"href":"https:\/\/www.lab.eus\/es\/wp-json\/wp\/v2\/tags?post=51410"}],"curies":[{"name":"wp","href":"https:\/\/api.w.org\/{rel}","templated":true}]}}